{"id":803624,"date":"2026-04-30T17:25:04","date_gmt":"2026-04-30T15:25:04","guid":{"rendered":"https:\/\/tutrastero.com\/?p=803624"},"modified":"2026-04-30T17:28:43","modified_gmt":"2026-04-30T15:28:43","slug":"cuanto-cuesta-alquilar-un-trastero","status":"publish","type":"post","link":"https:\/\/tutrastero.com\/es\/cuanto-cuesta-alquilar-un-trastero\/","title":{"rendered":"\u00bfCu\u00e1nto cuesta alquilar un trastero? Gu\u00eda de precios actualizada"},"content":{"rendered":"\n<p>Si est\u00e1s pensando en alquilar un trastero y lo primero que te preguntas es cu\u00e1nto te va a costar, est\u00e1s en el lugar correcto. El precio de un trastero puede variar bastante seg\u00fan varios factores, y en esta gu\u00eda te los explicamos todos para que puedas tomar la mejor decisi\u00f3n sin sorpresas.<\/p>\n\n\n<style>.kadence-column803624_b1a349-1e > .kt-inside-inner-col{border-top:3px solid #4a5568;border-right:3px solid #4a5568;border-bottom:3px solid #4a5568;border-left:3px solid #4a5568;}.kadence-column803624_b1a349-1e > .kt-inside-inner-col,.kadence-column803624_b1a349-1e > .kt-inside-inner-col:before{border-top-left-radius:20px;border-top-right-radius:20px;border-bottom-right-radius:20px;border-bottom-left-radius:20px;}.kadence-column803624_b1a349-1e > .kt-inside-inner-col{column-gap:var(--global-kb-gap-sm, 1rem);}.kadence-column803624_b1a349-1e > .kt-inside-inner-col{flex-direction:column;}.kadence-column803624_b1a349-1e > .kt-inside-inner-col > .aligncenter{width:100%;}.kadence-column803624_b1a349-1e > .kt-inside-inner-col{background-color:#edf2f7;}.kadence-column803624_b1a349-1e > .kt-inside-inner-col:before{opacity:0.3;}.kadence-column803624_b1a349-1e{position:relative;}@media all and (max-width: 1024px){.kadence-column803624_b1a349-1e > .kt-inside-inner-col{border-top:3px solid #4a5568;border-right:3px solid #4a5568;border-bottom:3px solid #4a5568;border-left:3px solid #4a5568;flex-direction:column;justify-content:center;}}@media all and (max-width: 767px){.kadence-column803624_b1a349-1e > .kt-inside-inner-col{border-top:3px solid #4a5568;border-right:3px solid #4a5568;border-bottom:3px solid #4a5568;border-left:3px solid #4a5568;flex-direction:column;justify-content:center;}}<\/style>\n<div class=\"wp-block-kadence-column kadence-column803624_b1a349-1e\"><div class=\"kt-inside-inner-col\"><style>.wp-block-kadence-advancedheading.kt-adv-heading803624_e5ab4a-02, .wp-block-kadence-advancedheading.kt-adv-heading803624_e5ab4a-02[data-kb-block=\"kb-adv-heading803624_e5ab4a-02\"]{padding-top:var(--global-kb-spacing-md, 2rem);padding-right:var(--global-kb-spacing-md, 2rem);padding-left:var(--global-kb-spacing-md, 2rem);font-size:var(--global-kb-font-size-md, 1.25rem);font-style:normal;}.wp-block-kadence-advancedheading.kt-adv-heading803624_e5ab4a-02 mark.kt-highlight, .wp-block-kadence-advancedheading.kt-adv-heading803624_e5ab4a-02[data-kb-block=\"kb-adv-heading803624_e5ab4a-02\"] mark.kt-highlight{font-style:normal;color:#f76a0c;-webkit-box-decoration-break:clone;box-decoration-break:clone;padding-top:0px;padding-right:0px;padding-bottom:0px;padding-left:0px;}<\/style>\n<p class=\"kt-adv-heading803624_e5ab4a-02 wp-block-kadence-advancedheading has-theme-palette-3-color has-text-color\" data-kb-block=\"kb-adv-heading803624_e5ab4a-02\"><strong>Tabla de contenidos<\/strong><\/p>\n\n\n<style>.wp-block-kadence-iconlist.kt-svg-icon-list-items803624_b12e6b-62:not(.this-stops-third-party-issues){margin-top:0px;margin-bottom:0px;}.wp-block-kadence-iconlist.kt-svg-icon-list-items803624_b12e6b-62 ul.kt-svg-icon-list:not(.this-prevents-issues):not(.this-stops-third-party-issues):not(.tijsloc){margin-top:0px;margin-right:0px;margin-bottom:var(--global-kb-spacing-sm, 1.5rem);margin-left:0px;padding-top:var(--global-kb-spacing-xxs, 0.5rem);padding-right:var(--global-kb-spacing-md, 2rem);padding-bottom:var(--global-kb-spacing-md, 2rem);padding-left:var(--global-kb-spacing-md, 2rem);}.wp-block-kadence-iconlist.kt-svg-icon-list-items803624_b12e6b-62 ul.kt-svg-icon-list{grid-row-gap:5px;}.wp-block-kadence-iconlist.kt-svg-icon-list-items803624_b12e6b-62 .kb-svg-icon-wrap{color:var(--global-palette5, #4A5568);}.wp-block-kadence-iconlist.kt-svg-icon-list-items803624_b12e6b-62 ul.kt-svg-icon-list .kt-svg-icon-list-item-wrap .kt-svg-icon-list-single{margin-right:10px;}.kt-svg-icon-list-items803624_b12e6b-62 ul.kt-svg-icon-list .kt-svg-icon-list-level-0 .kt-svg-icon-list-single svg{font-size:20px;}<\/style>\n<div class=\"wp-block-kadence-iconlist kt-svg-icon-list-items kt-svg-icon-list-items803624_b12e6b-62 kt-svg-icon-list-columns-1 alignnone\"><ul class=\"kt-svg-icon-list\"><style>.kt-svg-icon-list-item-803624_544a34-f4 .kt-svg-icon-list-text mark.kt-highlight{background-color:unset;font-style:normal;color:#f76a0c;-webkit-box-decoration-break:clone;box-decoration-break:clone;padding-top:0px;padding-right:0px;padding-bottom:0px;padding-left:0px;}<\/style>\n<li class=\"wp-block-kadence-listitem kt-svg-icon-list-item-wrap kt-svg-icon-list-item-803624_544a34-f4\"><span class=\"kb-svg-icon-wrap kb-svg-icon-fe_arrowRightCircle kt-svg-icon-list-single\"><svg viewBox=\"0 0 24 24\"  fill=\"none\" stroke=\"currentColor\" stroke-width=\"2\" stroke-linecap=\"round\" stroke-linejoin=\"round\" xmlns=\"http:\/\/www.w3.org\/2000\/svg\"  aria-hidden=\"true\"><circle cx=\"12\" cy=\"12\" r=\"10\"\/><polyline points=\"12 16 16 12 12 8\"\/><line x1=\"8\" y1=\"12\" x2=\"16\" y2=\"12\"\/><\/svg><\/span><span class=\"kt-svg-icon-list-text\"><a href=\"#factores-que-determinan-el-precio-de-un-trastero\">\u00bfQu\u00e9 factores determinan el precio de un trastero?<\/a><\/span><\/li>\n\n\n<style>.kt-svg-icon-list-item-803624_fe0206-90 .kt-svg-icon-list-text mark.kt-highlight{background-color:unset;font-style:normal;color:#f76a0c;-webkit-box-decoration-break:clone;box-decoration-break:clone;padding-top:0px;padding-right:0px;padding-bottom:0px;padding-left:0px;}<\/style>\n<li class=\"wp-block-kadence-listitem kt-svg-icon-list-item-wrap kt-svg-icon-list-item-803624_fe0206-90\"><span class=\"kb-svg-icon-wrap kb-svg-icon-fe_arrowRightCircle kt-svg-icon-list-single\"><svg viewBox=\"0 0 24 24\"  fill=\"none\" stroke=\"currentColor\" stroke-width=\"2\" stroke-linecap=\"round\" stroke-linejoin=\"round\" xmlns=\"http:\/\/www.w3.org\/2000\/svg\"  aria-hidden=\"true\"><circle cx=\"12\" cy=\"12\" r=\"10\"\/><polyline points=\"12 16 16 12 12 8\"\/><line x1=\"8\" y1=\"12\" x2=\"16\" y2=\"12\"\/><\/svg><\/span><span class=\"kt-svg-icon-list-text\"><a href=\"#precios-orientativos-de-trasteros-2026\">Precios orientativos de trasteros (2026)<\/a><\/span><\/li>\n\n\n<style>.kt-svg-icon-list-item-803624_59aeae-6f .kt-svg-icon-list-text mark.kt-highlight{background-color:unset;font-style:normal;color:#f76a0c;-webkit-box-decoration-break:clone;box-decoration-break:clone;padding-top:0px;padding-right:0px;padding-bottom:0px;padding-left:0px;}<\/style>\n<li class=\"wp-block-kadence-listitem kt-svg-icon-list-item-wrap kt-svg-icon-list-item-803624_59aeae-6f\"><span class=\"kb-svg-icon-wrap kb-svg-icon-fe_arrowRightCircle kt-svg-icon-list-single\"><svg viewBox=\"0 0 24 24\"  fill=\"none\" stroke=\"currentColor\" stroke-width=\"2\" stroke-linecap=\"round\" stroke-linejoin=\"round\" xmlns=\"http:\/\/www.w3.org\/2000\/svg\"  aria-hidden=\"true\"><circle cx=\"12\" cy=\"12\" r=\"10\"\/><polyline points=\"12 16 16 12 12 8\"\/><line x1=\"8\" y1=\"12\" x2=\"16\" y2=\"12\"\/><\/svg><\/span><span class=\"kt-svg-icon-list-text\"><a href=\"#que-tamano-de-trastero-necesito\">\u00bfQu\u00e9 tama\u00f1o de trastero necesito?<\/a><\/span><\/li>\n\n\n<style>.kt-svg-icon-list-item-803624_bdb7ea-0a .kt-svg-icon-list-text mark.kt-highlight{background-color:unset;font-style:normal;color:#f76a0c;-webkit-box-decoration-break:clone;box-decoration-break:clone;padding-top:0px;padding-right:0px;padding-bottom:0px;padding-left:0px;}<\/style>\n<li class=\"wp-block-kadence-listitem kt-svg-icon-list-item-wrap kt-svg-icon-list-item-803624_bdb7ea-0a\"><span class=\"kb-svg-icon-wrap kb-svg-icon-fe_arrowRightCircle kt-svg-icon-list-single\"><svg viewBox=\"0 0 24 24\"  fill=\"none\" stroke=\"currentColor\" stroke-width=\"2\" stroke-linecap=\"round\" stroke-linejoin=\"round\" xmlns=\"http:\/\/www.w3.org\/2000\/svg\"  aria-hidden=\"true\"><circle cx=\"12\" cy=\"12\" r=\"10\"\/><polyline points=\"12 16 16 12 12 8\"\/><line x1=\"8\" y1=\"12\" x2=\"16\" y2=\"12\"\/><\/svg><\/span><span class=\"kt-svg-icon-list-text\"><a href=\"#que-incluye-el-alquiler-de-un-trastero-en-tu-trastero\">\u00bfQu\u00e9 incluye el alquiler de un trastero en Tu Trastero?<\/a><\/span><\/li>\n\n\n<style>.kt-svg-icon-list-item-803624_d99fcc-2d .kt-svg-icon-list-text mark.kt-highlight{background-color:unset;font-style:normal;color:#f76a0c;-webkit-box-decoration-break:clone;box-decoration-break:clone;padding-top:0px;padding-right:0px;padding-bottom:0px;padding-left:0px;}<\/style>\n<li class=\"wp-block-kadence-listitem kt-svg-icon-list-item-wrap kt-svg-icon-list-item-803624_d99fcc-2d\"><span class=\"kb-svg-icon-wrap kb-svg-icon-fe_arrowRightCircle kt-svg-icon-list-single\"><svg viewBox=\"0 0 24 24\"  fill=\"none\" stroke=\"currentColor\" stroke-width=\"2\" stroke-linecap=\"round\" stroke-linejoin=\"round\" xmlns=\"http:\/\/www.w3.org\/2000\/svg\"  aria-hidden=\"true\"><circle cx=\"12\" cy=\"12\" r=\"10\"\/><polyline points=\"12 16 16 12 12 8\"\/><line x1=\"8\" y1=\"12\" x2=\"16\" y2=\"12\"\/><\/svg><\/span><span class=\"kt-svg-icon-list-text\"><a href=\"#como-conseguir-el-mejor-precio-en-un-trastero\">\u00bfC\u00f3mo conseguir el mejor precio en un trastero?<\/a><\/span><\/li>\n\n\n<style>.kt-svg-icon-list-item-803624_ec5924-a9 .kt-svg-icon-list-text mark.kt-highlight{background-color:unset;font-style:normal;color:#f76a0c;-webkit-box-decoration-break:clone;box-decoration-break:clone;padding-top:0px;padding-right:0px;padding-bottom:0px;padding-left:0px;}<\/style>\n<li class=\"wp-block-kadence-listitem kt-svg-icon-list-item-wrap kt-svg-icon-list-item-803624_ec5924-a9\"><span class=\"kb-svg-icon-wrap kb-svg-icon-fe_arrowRightCircle kt-svg-icon-list-single\"><svg viewBox=\"0 0 24 24\"  fill=\"none\" stroke=\"currentColor\" stroke-width=\"2\" stroke-linecap=\"round\" stroke-linejoin=\"round\" xmlns=\"http:\/\/www.w3.org\/2000\/svg\"  aria-hidden=\"true\"><circle cx=\"12\" cy=\"12\" r=\"10\"\/><polyline points=\"12 16 16 12 12 8\"\/><line x1=\"8\" y1=\"12\" x2=\"16\" y2=\"12\"\/><\/svg><\/span><span class=\"kt-svg-icon-list-text\"><a href=\"#conclusion\">Conclusi\u00f3n<\/a><\/span><\/li>\n<\/ul><\/div>\n<\/div><\/div>\n\n\n\n<div style=\"height:20px\" aria-hidden=\"true\" class=\"wp-block-spacer\"><\/div>\n\n\n<style>.wp-block-kadence-advancedheading.kt-adv-heading803624_6e57e4-99, .wp-block-kadence-advancedheading.kt-adv-heading803624_6e57e4-99[data-kb-block=\"kb-adv-heading803624_6e57e4-99\"]{font-style:normal;}.wp-block-kadence-advancedheading.kt-adv-heading803624_6e57e4-99 mark.kt-highlight, .wp-block-kadence-advancedheading.kt-adv-heading803624_6e57e4-99[data-kb-block=\"kb-adv-heading803624_6e57e4-99\"] mark.kt-highlight{font-style:normal;color:#f76a0c;-webkit-box-decoration-break:clone;box-decoration-break:clone;padding-top:0px;padding-right:0px;padding-bottom:0px;padding-left:0px;}<\/style>\n<h2 id=\"factores-que-determinan-el-precio-de-un-trastero\" class=\"kt-adv-heading803624_6e57e4-99 wp-block-kadence-advancedheading\" data-kb-block=\"kb-adv-heading803624_6e57e4-99\"><strong>\u00bfQu\u00e9 factores determinan el precio de un trastero?<\/strong><\/h2>\n\n\n<style>.wp-block-kadence-spacer.kt-block-spacer-803624_8e773d-1b .kt-block-spacer{height:20px;}.wp-block-kadence-spacer.kt-block-spacer-803624_8e773d-1b .kt-divider{border-top-width:8px;border-top-color:var(--global-palette1, #3182CE);width:30px;border-top-style:solid;}<\/style>\n<div class=\"wp-block-kadence-spacer aligncenter kt-block-spacer-803624_8e773d-1b\"><div class=\"kt-block-spacer kt-block-spacer-halign-left\"><hr class=\"kt-divider\"\/><\/div><\/div>\n\n\n\n<div style=\"height:20px\" aria-hidden=\"true\" class=\"wp-block-spacer\"><\/div>\n\n\n\n<p>Antes de hablar de cifras, conviene entender por qu\u00e9 dos trasteros del mismo tama\u00f1o pueden costar importes diferentes. Los principales factores son:<\/p>\n\n\n<style>.wp-block-kadence-advancedheading.kt-adv-heading803624_634de1-a8, .wp-block-kadence-advancedheading.kt-adv-heading803624_634de1-a8[data-kb-block=\"kb-adv-heading803624_634de1-a8\"]{font-style:normal;}.wp-block-kadence-advancedheading.kt-adv-heading803624_634de1-a8 mark.kt-highlight, .wp-block-kadence-advancedheading.kt-adv-heading803624_634de1-a8[data-kb-block=\"kb-adv-heading803624_634de1-a8\"] mark.kt-highlight{font-style:normal;color:#f76a0c;-webkit-box-decoration-break:clone;box-decoration-break:clone;padding-top:0px;padding-right:0px;padding-bottom:0px;padding-left:0px;}<\/style>\n<h3 id=\"por-que-alquilar-un-trastero-en-madrid\" class=\"kt-adv-heading803624_634de1-a8 wp-block-kadence-advancedheading\" data-kb-block=\"kb-adv-heading803624_634de1-a8\"><strong><strong>1. La ubicaci\u00f3n del centro<\/strong><\/strong><\/h3>\n\n\n\n<p><strong><a href=\"https:\/\/tutrastero.com\/es\/alquiler-de-trasteros\/madrid\/\" type=\"page\" id=\"207647\" target=\"_blank\" rel=\"noreferrer noopener\">Trasteros en Madrid<\/a><\/strong> centro, Sevilla o en zonas de alta demanda como Chamart\u00edn, Tetu\u00e1n o Salamanca suele ser m\u00e1s caro que uno en municipios del cintur\u00f3n metropolitano como Alcobendas, Getafe o Legan\u00e9s. Si no necesitas acceder a tu trastero con mucha frecuencia, elegir un centro ligeramente alejado del centro puede suponer un ahorro significativo.<\/p>\n\n\n<style>.wp-block-kadence-advancedheading.kt-adv-heading803624_2ec732-2c, .wp-block-kadence-advancedheading.kt-adv-heading803624_2ec732-2c[data-kb-block=\"kb-adv-heading803624_2ec732-2c\"]{font-style:normal;}.wp-block-kadence-advancedheading.kt-adv-heading803624_2ec732-2c mark.kt-highlight, .wp-block-kadence-advancedheading.kt-adv-heading803624_2ec732-2c[data-kb-block=\"kb-adv-heading803624_2ec732-2c\"] mark.kt-highlight{font-style:normal;color:#f76a0c;-webkit-box-decoration-break:clone;box-decoration-break:clone;padding-top:0px;padding-right:0px;padding-bottom:0px;padding-left:0px;}<\/style>\n<h3 id=\"por-que-alquilar-un-trastero-en-madrid\" class=\"kt-adv-heading803624_2ec732-2c wp-block-kadence-advancedheading\" data-kb-block=\"kb-adv-heading803624_2ec732-2c\"><strong><strong>2. El tama\u00f1o del trastero<\/strong><\/strong><\/h3>\n\n\n\n<p>Los precios se calculan generalmente por metro cuadrado. Cuanto mayor es el trastero, menor suele ser el precio por m\u00b2 en t\u00e9rminos relativos. Es importante elegir bien el tama\u00f1o: quedarse corto obliga a contratar uno mayor, y pasarse supone pagar por espacio que no usas.<\/p>\n\n\n<style>.wp-block-kadence-advancedheading.kt-adv-heading803624_953b44-9a, .wp-block-kadence-advancedheading.kt-adv-heading803624_953b44-9a[data-kb-block=\"kb-adv-heading803624_953b44-9a\"]{font-style:normal;}.wp-block-kadence-advancedheading.kt-adv-heading803624_953b44-9a mark.kt-highlight, .wp-block-kadence-advancedheading.kt-adv-heading803624_953b44-9a[data-kb-block=\"kb-adv-heading803624_953b44-9a\"] mark.kt-highlight{font-style:normal;color:#f76a0c;-webkit-box-decoration-break:clone;box-decoration-break:clone;padding-top:0px;padding-right:0px;padding-bottom:0px;padding-left:0px;}<\/style>\n<h3 id=\"por-que-alquilar-un-trastero-en-madrid\" class=\"kt-adv-heading803624_953b44-9a wp-block-kadence-advancedheading\" data-kb-block=\"kb-adv-heading803624_953b44-9a\"><strong><strong>3. Los servicios incluidos<\/strong><\/strong><\/h3>\n\n\n\n<p>No todos los trasteros ofrecen lo mismo. Algunos incluyen seguro b\u00e1sico, acceso 24h, parking, zona de carga y descarga o uso de montacargas sin coste adicional. Otros cobran estos servicios por separado. Aseg\u00farate de comparar siempre el precio total, no solo la tarifa base.<\/p>\n\n\n<style>.wp-block-kadence-advancedheading.kt-adv-heading803624_08e7f4-c9, .wp-block-kadence-advancedheading.kt-adv-heading803624_08e7f4-c9[data-kb-block=\"kb-adv-heading803624_08e7f4-c9\"]{font-style:normal;}.wp-block-kadence-advancedheading.kt-adv-heading803624_08e7f4-c9 mark.kt-highlight, .wp-block-kadence-advancedheading.kt-adv-heading803624_08e7f4-c9[data-kb-block=\"kb-adv-heading803624_08e7f4-c9\"] mark.kt-highlight{font-style:normal;color:#f76a0c;-webkit-box-decoration-break:clone;box-decoration-break:clone;padding-top:0px;padding-right:0px;padding-bottom:0px;padding-left:0px;}<\/style>\n<h3 id=\"por-que-alquilar-un-trastero-en-madrid\" class=\"kt-adv-heading803624_08e7f4-c9 wp-block-kadence-advancedheading\" data-kb-block=\"kb-adv-heading803624_08e7f4-c9\"><strong><strong><strong>4. La duraci\u00f3n del alquiler<\/strong><\/strong><\/strong><\/h3>\n\n\n\n<p>La mayor\u00eda de empresas trabajan con contratos mensuales sin permanencia m\u00ednima. Sin embargo, algunas ofrecen descuentos a partir de cierto n\u00famero de meses. Compara siempre las condiciones antes de firmar.<\/p>\n\n\n\n<div style=\"height:20px\" aria-hidden=\"true\" class=\"wp-block-spacer\"><\/div>\n\n\n<style>.wp-block-kadence-advancedheading.kt-adv-heading803624_9cd490-df, .wp-block-kadence-advancedheading.kt-adv-heading803624_9cd490-df[data-kb-block=\"kb-adv-heading803624_9cd490-df\"]{font-style:normal;}.wp-block-kadence-advancedheading.kt-adv-heading803624_9cd490-df mark.kt-highlight, .wp-block-kadence-advancedheading.kt-adv-heading803624_9cd490-df[data-kb-block=\"kb-adv-heading803624_9cd490-df\"] mark.kt-highlight{font-style:normal;color:#f76a0c;-webkit-box-decoration-break:clone;box-decoration-break:clone;padding-top:0px;padding-right:0px;padding-bottom:0px;padding-left:0px;}<\/style>\n<h2 id=\"precios-orientativos-de-trasteros-2026\" class=\"kt-adv-heading803624_9cd490-df wp-block-kadence-advancedheading\" data-kb-block=\"kb-adv-heading803624_9cd490-df\"><strong>Precios orientativos de trasteros (2026)<\/strong><\/h2>\n\n\n<style>.wp-block-kadence-spacer.kt-block-spacer-803624_6b2e1e-48 .kt-block-spacer{height:20px;}.wp-block-kadence-spacer.kt-block-spacer-803624_6b2e1e-48 .kt-divider{border-top-width:8px;border-top-color:var(--global-palette1, #3182CE);width:30px;border-top-style:solid;}<\/style>\n<div class=\"wp-block-kadence-spacer aligncenter kt-block-spacer-803624_6b2e1e-48\"><div class=\"kt-block-spacer kt-block-spacer-halign-left\"><hr class=\"kt-divider\"\/><\/div><\/div>\n\n\n\n<div style=\"height:20px\" aria-hidden=\"true\" class=\"wp-block-spacer\"><\/div>\n\n\n\n<p>Aunque los precios exactos dependen de cada empresa y cada centro, estas son las horquillas m\u00e1s habituales en el mercado:<\/p>\n\n\n\n<figure class=\"wp-block-table\"><table class=\"has-fixed-layout\" style=\"border-width:1px\"><thead><tr><th>Tama\u00f1o<\/th><th>Uso habitual<\/th><th>Precio estimado\/mes<\/th><\/tr><\/thead><tbody><tr><td>Taquillas o mini trasteros:<br>1 m\u00b3<\/td><td>Archivos, material deportivo<\/td><td>20\u201330 \u20ac<\/td><\/tr><tr><td>Trasteros peque\u00f1os:<br>2-4 m\u00b2<\/td><td>Contenido de habitaci\u00f3n, bicicletas<\/td><td>50\u2013130 \u20ac<\/td><\/tr><tr><td>Trasteros medianos:<br>5-10 m\u00b2<\/td><td>Contenido de piso peque\u00f1o, reformas<\/td><td>130\u2013210 \u20ac<\/td><\/tr><tr><td>Trasteros grandes y mini almacenes:<br>+10 m\u00b2<\/td><td>Mudanza de piso familiar. Almacenaje empresarial, stock&#8230;<\/td><td>210\u2013&#8230; \u20ac<\/td><\/tr><\/tbody><\/table><\/figure>\n\n\n\n<p><br><em>Recuerda que los precios pueden variar seg\u00fan promociones vigentes, servicios incluidos, duraci\u00f3n del alquiler y ubicaci\u00f3n.<\/em><\/p>\n\n\n\n<div style=\"height:20px\" aria-hidden=\"true\" class=\"wp-block-spacer\"><\/div>\n\n\n<style>.wp-block-kadence-advancedheading.kt-adv-heading803624_5e1bbf-b6, .wp-block-kadence-advancedheading.kt-adv-heading803624_5e1bbf-b6[data-kb-block=\"kb-adv-heading803624_5e1bbf-b6\"]{font-style:normal;}.wp-block-kadence-advancedheading.kt-adv-heading803624_5e1bbf-b6 mark.kt-highlight, .wp-block-kadence-advancedheading.kt-adv-heading803624_5e1bbf-b6[data-kb-block=\"kb-adv-heading803624_5e1bbf-b6\"] mark.kt-highlight{font-style:normal;color:#f76a0c;-webkit-box-decoration-break:clone;box-decoration-break:clone;padding-top:0px;padding-right:0px;padding-bottom:0px;padding-left:0px;}<\/style>\n<h2 id=\"que-tamano-de-trastero-necesito\" class=\"kt-adv-heading803624_5e1bbf-b6 wp-block-kadence-advancedheading\" data-kb-block=\"kb-adv-heading803624_5e1bbf-b6\"><strong>\u00bfQu\u00e9 tama\u00f1o de trastero necesito?<\/strong><\/h2>\n\n\n<style>.wp-block-kadence-spacer.kt-block-spacer-803624_e1bf17-0b .kt-block-spacer{height:20px;}.wp-block-kadence-spacer.kt-block-spacer-803624_e1bf17-0b .kt-divider{border-top-width:8px;border-top-color:var(--global-palette1, #3182CE);width:30px;border-top-style:solid;}<\/style>\n<div class=\"wp-block-kadence-spacer aligncenter kt-block-spacer-803624_e1bf17-0b\"><div class=\"kt-block-spacer kt-block-spacer-halign-left\"><hr class=\"kt-divider\"\/><\/div><\/div>\n\n\n\n<div style=\"height:20px\" aria-hidden=\"true\" class=\"wp-block-spacer\"><\/div>\n\n\n\n<p>Una de las dudas m\u00e1s frecuentes al contratar un trastero es elegir el tama\u00f1o correcto. Una regla sencilla:<\/p>\n\n\n\n<ul class=\"wp-block-list\">\n<li><strong>1 m<strong>\u00b3<\/strong><\/strong>: Para guardar desde 3 cajas de 60x40x40, maletas, cambio de ropa, pertenencias de estudiantes&#8230;<\/li>\n\n\n\n<li><strong>2-4 m\u00b2<\/strong>: ideal para 1 habitaci\u00f3n. 30-50 Cajas de 60x40x40 aprox, trona, bicicletas, electrodom\u00e9sticos, stock, herramientas&#8230;<\/li>\n\n\n\n<li><strong>5\u201310 m\u00b2<\/strong>: <strong>\u00a0<\/strong>Para pisos medianos, familias o reformas de pisos de 60 a 100 m\u00b2.<\/li>\n\n\n\n<li><strong>10+ m\u00b2<\/strong>: Contenido de un piso completo de m\u00e1s de 100 m\u00b2 o almacenaje empresarial de gran volumen.<\/li>\n<\/ul>\n\n\n\n<p>En Tu Trastero tenemos m\u00e1s de 40 tama\u00f1os diferentes y un asesor te ayudar\u00e1 a calcular exactamente cu\u00e1nto espacio necesitas, sin pagar de m\u00e1s. <\/p>\n\n\n\n<p>Si quieres ampliar info mira nuestro post sobre <strong><a href=\"https:\/\/tutrastero.com\/es\/que-tamano-de-trastero-necesito\/\" type=\"post\" id=\"803610\" target=\"_blank\" rel=\"noreferrer noopener\">\u00bfQu\u00e9 tama\u00f1o de trastero necesito?<\/a><\/strong> o visita nuestra<strong><a href=\"https:\/\/tutrastero.com\/es\/servicios-online\/calculadora-tu-trastero\/\" type=\"page\" id=\"212920\" target=\"_blank\" rel=\"noreferrer noopener\"> calculadora de espacio<\/a><\/strong>.<\/p>\n\n\n\n<div style=\"height:20px\" aria-hidden=\"true\" class=\"wp-block-spacer\"><\/div>\n\n\n<style>.wp-block-kadence-advancedheading.kt-adv-heading803624_d14a80-4a, .wp-block-kadence-advancedheading.kt-adv-heading803624_d14a80-4a[data-kb-block=\"kb-adv-heading803624_d14a80-4a\"]{font-style:normal;}.wp-block-kadence-advancedheading.kt-adv-heading803624_d14a80-4a mark.kt-highlight, .wp-block-kadence-advancedheading.kt-adv-heading803624_d14a80-4a[data-kb-block=\"kb-adv-heading803624_d14a80-4a\"] mark.kt-highlight{font-style:normal;color:#f76a0c;-webkit-box-decoration-break:clone;box-decoration-break:clone;padding-top:0px;padding-right:0px;padding-bottom:0px;padding-left:0px;}<\/style>\n<h2 id=\"que-incluye-el-alquiler-de-un-trastero-en-tu-trastero\" class=\"kt-adv-heading803624_d14a80-4a wp-block-kadence-advancedheading\" data-kb-block=\"kb-adv-heading803624_d14a80-4a\"><strong>\u00bfQu\u00e9 incluye el alquiler de un trastero en Tu Trastero?<\/strong><\/h2>\n\n\n<style>.wp-block-kadence-spacer.kt-block-spacer-803624_8297cd-55 .kt-block-spacer{height:20px;}.wp-block-kadence-spacer.kt-block-spacer-803624_8297cd-55 .kt-divider{border-top-width:8px;border-top-color:var(--global-palette1, #3182CE);width:30px;border-top-style:solid;}<\/style>\n<div class=\"wp-block-kadence-spacer aligncenter kt-block-spacer-803624_8297cd-55\"><div class=\"kt-block-spacer kt-block-spacer-halign-left\"><hr class=\"kt-divider\"\/><\/div><\/div>\n\n\n\n<div style=\"height:20px\" aria-hidden=\"true\" class=\"wp-block-spacer\"><\/div>\n\n\n\n<p>Cuando alquilas un trastero con nosotros no hay letra peque\u00f1a. Todos nuestros espacios incluyen:<\/p>\n\n\n<style>.wp-block-kadence-iconlist.kt-svg-icon-list-items803624_407f3d-24:not(.this-stops-third-party-issues){margin-top:0px;margin-bottom:0px;}.wp-block-kadence-iconlist.kt-svg-icon-list-items803624_407f3d-24 ul.kt-svg-icon-list:not(.this-prevents-issues):not(.this-stops-third-party-issues):not(.tijsloc){margin-top:0px;margin-right:0px;margin-bottom:var(--global-kb-spacing-sm, 1.5rem);margin-left:0px;}.wp-block-kadence-iconlist.kt-svg-icon-list-items803624_407f3d-24 ul.kt-svg-icon-list{grid-row-gap:5px;}.wp-block-kadence-iconlist.kt-svg-icon-list-items803624_407f3d-24 .kb-svg-icon-wrap{font-size:16px;color:var(--global-palette8, #F7FAFC);}.wp-block-kadence-iconlist.kt-svg-icon-list-items803624_407f3d-24 ul.kt-svg-icon-list .kt-svg-icon-list-item-wrap .kt-svg-icon-list-single{margin-right:10px;}.kt-svg-icon-list-items803624_407f3d-24 ul.kt-svg-icon-list .kt-svg-icon-list-level-0 .kt-svg-icon-list-single svg{font-size:20px;}.wp-block-kadence-iconlist.kt-svg-icon-list-items803624_407f3d-24 ul.kt-svg-icon-list .kt-svg-icon-list-single{background-color:var(--global-palette1, #3182CE);border-radius:20%;border-width:px;border-style:solid;padding:2px;}<\/style>\n<div class=\"wp-block-kadence-iconlist kt-svg-icon-list-items kt-svg-icon-list-items803624_407f3d-24 kt-svg-icon-list-columns-1 alignnone\"><ul class=\"kt-svg-icon-list\"><style>.kt-svg-icon-list-item-803624_9d25f9-4a .kt-svg-icon-list-text mark.kt-highlight{background-color:unset;font-style:normal;color:#f76a0c;-webkit-box-decoration-break:clone;box-decoration-break:clone;padding-top:0px;padding-right:0px;padding-bottom:0px;padding-left:0px;}<\/style>\n<li class=\"wp-block-kadence-listitem kt-svg-icon-list-item-wrap kt-svg-icon-list-item-803624_9d25f9-4a\"><span class=\"kb-svg-icon-wrap kb-svg-icon-fe_check kt-svg-icon-list-single\"><svg viewBox=\"0 0 24 24\"  fill=\"none\" stroke=\"currentColor\" stroke-width=\"4\" stroke-linecap=\"round\" stroke-linejoin=\"round\" xmlns=\"http:\/\/www.w3.org\/2000\/svg\"  aria-hidden=\"true\"><polyline points=\"20 6 9 17 4 12\"\/><\/svg><\/span><span class=\"kt-svg-icon-list-text\">Acceso con c\u00f3digo personal individual<\/span><\/li>\n\n\n<style>.kt-svg-icon-list-item-803624_6783da-38 .kt-svg-icon-list-text mark.kt-highlight{background-color:unset;font-style:normal;color:#f76a0c;-webkit-box-decoration-break:clone;box-decoration-break:clone;padding-top:0px;padding-right:0px;padding-bottom:0px;padding-left:0px;}<\/style>\n<li class=\"wp-block-kadence-listitem kt-svg-icon-list-item-wrap kt-svg-icon-list-item-803624_6783da-38\"><span class=\"kb-svg-icon-wrap kb-svg-icon-fe_check kt-svg-icon-list-single\"><svg viewBox=\"0 0 24 24\"  fill=\"none\" stroke=\"currentColor\" stroke-width=\"4\" stroke-linecap=\"round\" stroke-linejoin=\"round\" xmlns=\"http:\/\/www.w3.org\/2000\/svg\"  aria-hidden=\"true\"><polyline points=\"20 6 9 17 4 12\"\/><\/svg><\/span><span class=\"kt-svg-icon-list-text\">Videovigilancia y sistemas de alarma 24h conectados a la Central de Alarmas<\/span><\/li>\n\n\n<style>.kt-svg-icon-list-item-803624_796f9d-82 .kt-svg-icon-list-text mark.kt-highlight{background-color:unset;font-style:normal;color:#f76a0c;-webkit-box-decoration-break:clone;box-decoration-break:clone;padding-top:0px;padding-right:0px;padding-bottom:0px;padding-left:0px;}<\/style>\n<li class=\"wp-block-kadence-listitem kt-svg-icon-list-item-wrap kt-svg-icon-list-item-803624_796f9d-82\"><span class=\"kb-svg-icon-wrap kb-svg-icon-fe_check kt-svg-icon-list-single\"><svg viewBox=\"0 0 24 24\"  fill=\"none\" stroke=\"currentColor\" stroke-width=\"4\" stroke-linecap=\"round\" stroke-linejoin=\"round\" xmlns=\"http:\/\/www.w3.org\/2000\/svg\"  aria-hidden=\"true\"><polyline points=\"20 6 9 17 4 12\"\/><\/svg><\/span><span class=\"kt-svg-icon-list-text\">Centro limpio, seco y ventilado<\/span><\/li>\n\n\n<style>.kt-svg-icon-list-item-803624_ac66e8-d4 .kt-svg-icon-list-text mark.kt-highlight{background-color:unset;font-style:normal;color:#f76a0c;-webkit-box-decoration-break:clone;box-decoration-break:clone;padding-top:0px;padding-right:0px;padding-bottom:0px;padding-left:0px;}<\/style>\n<li class=\"wp-block-kadence-listitem kt-svg-icon-list-item-wrap kt-svg-icon-list-item-803624_ac66e8-d4\"><span class=\"kb-svg-icon-wrap kb-svg-icon-fe_check kt-svg-icon-list-single\"><svg viewBox=\"0 0 24 24\"  fill=\"none\" stroke=\"currentColor\" stroke-width=\"4\" stroke-linecap=\"round\" stroke-linejoin=\"round\" xmlns=\"http:\/\/www.w3.org\/2000\/svg\"  aria-hidden=\"true\"><polyline points=\"20 6 9 17 4 12\"\/><\/svg><\/span><span class=\"kt-svg-icon-list-text\">Zona de carga y descarga con montacargas<\/span><\/li>\n\n\n<style>.kt-svg-icon-list-item-803624_230881-9d .kt-svg-icon-list-text mark.kt-highlight{background-color:unset;font-style:normal;color:#f76a0c;-webkit-box-decoration-break:clone;box-decoration-break:clone;padding-top:0px;padding-right:0px;padding-bottom:0px;padding-left:0px;}<\/style>\n<li class=\"wp-block-kadence-listitem kt-svg-icon-list-item-wrap kt-svg-icon-list-item-803624_230881-9d\"><span class=\"kb-svg-icon-wrap kb-svg-icon-fe_check kt-svg-icon-list-single\"><svg viewBox=\"0 0 24 24\"  fill=\"none\" stroke=\"currentColor\" stroke-width=\"4\" stroke-linecap=\"round\" stroke-linejoin=\"round\" xmlns=\"http:\/\/www.w3.org\/2000\/svg\"  aria-hidden=\"true\"><polyline points=\"20 6 9 17 4 12\"\/><\/svg><\/span><span class=\"kt-svg-icon-list-text\">Material para facilitar la carga y descarga<\/span><\/li>\n\n\n<style>.kt-svg-icon-list-item-803624_3cd088-dd .kt-svg-icon-list-text mark.kt-highlight{background-color:unset;font-style:normal;color:#f76a0c;-webkit-box-decoration-break:clone;box-decoration-break:clone;padding-top:0px;padding-right:0px;padding-bottom:0px;padding-left:0px;}<\/style>\n<li class=\"wp-block-kadence-listitem kt-svg-icon-list-item-wrap kt-svg-icon-list-item-803624_3cd088-dd\"><span class=\"kb-svg-icon-wrap kb-svg-icon-fe_check kt-svg-icon-list-single\"><svg viewBox=\"0 0 24 24\"  fill=\"none\" stroke=\"currentColor\" stroke-width=\"4\" stroke-linecap=\"round\" stroke-linejoin=\"round\" xmlns=\"http:\/\/www.w3.org\/2000\/svg\"  aria-hidden=\"true\"><polyline points=\"20 6 9 17 4 12\"\/><\/svg><\/span><span class=\"kt-svg-icon-list-text\">Asesoramiento personalizado para elegir tu trastero<\/span><\/li>\n\n\n<style>.kt-svg-icon-list-item-803624_620bd5-7a .kt-svg-icon-list-text mark.kt-highlight{background-color:unset;font-style:normal;color:#f76a0c;-webkit-box-decoration-break:clone;box-decoration-break:clone;padding-top:0px;padding-right:0px;padding-bottom:0px;padding-left:0px;}<\/style>\n<li class=\"wp-block-kadence-listitem kt-svg-icon-list-item-wrap kt-svg-icon-list-item-803624_620bd5-7a\"><span class=\"kb-svg-icon-wrap kb-svg-icon-fe_check kt-svg-icon-list-single\"><svg viewBox=\"0 0 24 24\"  fill=\"none\" stroke=\"currentColor\" stroke-width=\"4\" stroke-linecap=\"round\" stroke-linejoin=\"round\" xmlns=\"http:\/\/www.w3.org\/2000\/svg\"  aria-hidden=\"true\"><polyline points=\"20 6 9 17 4 12\"\/><\/svg><\/span><span class=\"kt-svg-icon-list-text\">Parking<\/span><\/li>\n<\/ul><\/div>\n\n\n\n<p>Tambi\u00e9n tenemos m\u00e1s servicios para completar tu experiencia:<\/p>\n\n\n<style>.wp-block-kadence-iconlist.kt-svg-icon-list-items803624_eb3556-49:not(.this-stops-third-party-issues){margin-top:0px;margin-bottom:0px;}.wp-block-kadence-iconlist.kt-svg-icon-list-items803624_eb3556-49 ul.kt-svg-icon-list:not(.this-prevents-issues):not(.this-stops-third-party-issues):not(.tijsloc){margin-top:0px;margin-right:0px;margin-bottom:var(--global-kb-spacing-sm, 1.5rem);margin-left:0px;}.wp-block-kadence-iconlist.kt-svg-icon-list-items803624_eb3556-49 ul.kt-svg-icon-list{grid-row-gap:5px;}.wp-block-kadence-iconlist.kt-svg-icon-list-items803624_eb3556-49 .kb-svg-icon-wrap{font-size:16px;color:var(--global-palette8, #F7FAFC);}.wp-block-kadence-iconlist.kt-svg-icon-list-items803624_eb3556-49 ul.kt-svg-icon-list .kt-svg-icon-list-item-wrap .kt-svg-icon-list-single{margin-right:10px;}.kt-svg-icon-list-items803624_eb3556-49 ul.kt-svg-icon-list .kt-svg-icon-list-level-0 .kt-svg-icon-list-single svg{font-size:20px;}.wp-block-kadence-iconlist.kt-svg-icon-list-items803624_eb3556-49 ul.kt-svg-icon-list .kt-svg-icon-list-single{background-color:var(--global-palette1, #3182CE);border-radius:20%;border-width:px;border-style:solid;padding:2px;}<\/style>\n<div class=\"wp-block-kadence-iconlist kt-svg-icon-list-items kt-svg-icon-list-items803624_eb3556-49 kt-svg-icon-list-columns-1 alignnone\"><ul class=\"kt-svg-icon-list\"><style>.kt-svg-icon-list-item-803624_d75508-34 .kt-svg-icon-list-text mark.kt-highlight{background-color:unset;font-style:normal;color:#f76a0c;-webkit-box-decoration-break:clone;box-decoration-break:clone;padding-top:0px;padding-right:0px;padding-bottom:0px;padding-left:0px;}<\/style>\n<li class=\"wp-block-kadence-listitem kt-svg-icon-list-item-wrap kt-svg-icon-list-item-803624_d75508-34\"><span class=\"kb-svg-icon-wrap kb-svg-icon-fe_check kt-svg-icon-list-single\"><svg viewBox=\"0 0 24 24\"  fill=\"none\" stroke=\"currentColor\" stroke-width=\"4\" stroke-linecap=\"round\" stroke-linejoin=\"round\" xmlns=\"http:\/\/www.w3.org\/2000\/svg\"  aria-hidden=\"true\"><polyline points=\"20 6 9 17 4 12\"\/><\/svg><\/span><span class=\"kt-svg-icon-list-text\"><a href=\"http:\/\/tucaja.com\" type=\"link\" id=\"tucaja.com\" target=\"_blank\" rel=\"noreferrer noopener\">Tienda de cajas<\/a> y material de embalaje<\/span><\/li>\n\n\n<style>.kt-svg-icon-list-item-803624_711bdb-30 .kt-svg-icon-list-text mark.kt-highlight{background-color:unset;font-style:normal;color:#f76a0c;-webkit-box-decoration-break:clone;box-decoration-break:clone;padding-top:0px;padding-right:0px;padding-bottom:0px;padding-left:0px;}<\/style>\n<li class=\"wp-block-kadence-listitem kt-svg-icon-list-item-wrap kt-svg-icon-list-item-803624_711bdb-30\"><span class=\"kb-svg-icon-wrap kb-svg-icon-fe_check kt-svg-icon-list-single\"><svg viewBox=\"0 0 24 24\"  fill=\"none\" stroke=\"currentColor\" stroke-width=\"4\" stroke-linecap=\"round\" stroke-linejoin=\"round\" xmlns=\"http:\/\/www.w3.org\/2000\/svg\"  aria-hidden=\"true\"><polyline points=\"20 6 9 17 4 12\"\/><\/svg><\/span><span class=\"kt-svg-icon-list-text\">Servicio de mudanzas<\/span><\/li>\n\n\n<style>.kt-svg-icon-list-item-803624_c149a7-fb .kt-svg-icon-list-text mark.kt-highlight{background-color:unset;font-style:normal;color:#f76a0c;-webkit-box-decoration-break:clone;box-decoration-break:clone;padding-top:0px;padding-right:0px;padding-bottom:0px;padding-left:0px;}<\/style>\n<li class=\"wp-block-kadence-listitem kt-svg-icon-list-item-wrap kt-svg-icon-list-item-803624_c149a7-fb\"><span class=\"kb-svg-icon-wrap kb-svg-icon-fe_check kt-svg-icon-list-single\"><svg viewBox=\"0 0 24 24\"  fill=\"none\" stroke=\"currentColor\" stroke-width=\"4\" stroke-linecap=\"round\" stroke-linejoin=\"round\" xmlns=\"http:\/\/www.w3.org\/2000\/svg\"  aria-hidden=\"true\"><polyline points=\"20 6 9 17 4 12\"\/><\/svg><\/span><span class=\"kt-svg-icon-list-text\">Acceso 24h<\/span><\/li>\n\n\n<style>.kt-svg-icon-list-item-803624_a75996-67 .kt-svg-icon-list-text mark.kt-highlight{background-color:unset;font-style:normal;color:#f76a0c;-webkit-box-decoration-break:clone;box-decoration-break:clone;padding-top:0px;padding-right:0px;padding-bottom:0px;padding-left:0px;}<\/style>\n<li class=\"wp-block-kadence-listitem kt-svg-icon-list-item-wrap kt-svg-icon-list-item-803624_a75996-67\"><span class=\"kb-svg-icon-wrap kb-svg-icon-fe_check kt-svg-icon-list-single\"><svg viewBox=\"0 0 24 24\"  fill=\"none\" stroke=\"currentColor\" stroke-width=\"4\" stroke-linecap=\"round\" stroke-linejoin=\"round\" xmlns=\"http:\/\/www.w3.org\/2000\/svg\"  aria-hidden=\"true\"><polyline points=\"20 6 9 17 4 12\"\/><\/svg><\/span><span class=\"kt-svg-icon-list-text\">Servicio de recogida y entrega de mercanc\u00edas<\/span><\/li>\n<\/ul><\/div>\n\n\n\n<div style=\"height:20px\" aria-hidden=\"true\" class=\"wp-block-spacer\"><\/div>\n\n\n<style>.wp-block-kadence-advancedheading.kt-adv-heading803624_4b1bd3-28, .wp-block-kadence-advancedheading.kt-adv-heading803624_4b1bd3-28[data-kb-block=\"kb-adv-heading803624_4b1bd3-28\"]{font-style:normal;}.wp-block-kadence-advancedheading.kt-adv-heading803624_4b1bd3-28 mark.kt-highlight, .wp-block-kadence-advancedheading.kt-adv-heading803624_4b1bd3-28[data-kb-block=\"kb-adv-heading803624_4b1bd3-28\"] mark.kt-highlight{font-style:normal;color:#f76a0c;-webkit-box-decoration-break:clone;box-decoration-break:clone;padding-top:0px;padding-right:0px;padding-bottom:0px;padding-left:0px;}<\/style>\n<h2 id=\"como-conseguir-el-mejor-precio-en-un-trastero\" class=\"kt-adv-heading803624_4b1bd3-28 wp-block-kadence-advancedheading\" data-kb-block=\"kb-adv-heading803624_4b1bd3-28\"><strong>\u00bfC\u00f3mo conseguir el mejor precio en un trastero?<\/strong><\/h2>\n\n\n<style>.wp-block-kadence-spacer.kt-block-spacer-803624_4f985b-4a .kt-block-spacer{height:20px;}.wp-block-kadence-spacer.kt-block-spacer-803624_4f985b-4a .kt-divider{border-top-width:8px;border-top-color:var(--global-palette1, #3182CE);width:30px;border-top-style:solid;}<\/style>\n<div class=\"wp-block-kadence-spacer aligncenter kt-block-spacer-803624_4f985b-4a\"><div class=\"kt-block-spacer kt-block-spacer-halign-left\"><hr class=\"kt-divider\"\/><\/div><\/div>\n\n\n\n<div style=\"height:20px\" aria-hidden=\"true\" class=\"wp-block-spacer\"><\/div>\n\n\n\n<ol class=\"wp-block-list\">\n<li><strong>Aprovecha las promociones de entrada.<\/strong> Tu Trastero, ofrece el primer mes a precio reducido o incluso gratuito para nuevos clientes.<\/li>\n\n\n\n<li><strong>Valora la distancia.<\/strong> Si puedes elegir un centro algo m\u00e1s alejado del centro, el ahorro mensual puede ser notable.<\/li>\n\n\n\n<li><strong>Elige el tama\u00f1o justo.<\/strong> Consulta con nuestros asesores antes de contratar: un trastero demasiado grande es dinero perdido cada mes. Ellos te dir\u00e1n justo lo que necesitas.<\/li>\n\n\n\n<li><strong>Plan amigo<\/strong>. Trae un amigo y aprovecha la oferta del plan amigo para que los 2 disfrut\u00e9is de un mes gratis.  <\/li>\n<\/ol>\n\n\n\n<div style=\"height:20px\" aria-hidden=\"true\" class=\"wp-block-spacer\"><\/div>\n\n\n<style>.wp-block-kadence-advancedheading.kt-adv-heading803624_53d0d5-d8, .wp-block-kadence-advancedheading.kt-adv-heading803624_53d0d5-d8[data-kb-block=\"kb-adv-heading803624_53d0d5-d8\"]{font-style:normal;}.wp-block-kadence-advancedheading.kt-adv-heading803624_53d0d5-d8 mark.kt-highlight, .wp-block-kadence-advancedheading.kt-adv-heading803624_53d0d5-d8[data-kb-block=\"kb-adv-heading803624_53d0d5-d8\"] mark.kt-highlight{font-style:normal;color:#f76a0c;-webkit-box-decoration-break:clone;box-decoration-break:clone;padding-top:0px;padding-right:0px;padding-bottom:0px;padding-left:0px;}<\/style>\n<h2 id=\"conclusion\" class=\"kt-adv-heading803624_53d0d5-d8 wp-block-kadence-advancedheading\" data-kb-block=\"kb-adv-heading803624_53d0d5-d8\"><strong>Conclusi\u00f3n<\/strong><\/h2>\n\n\n<style>.wp-block-kadence-spacer.kt-block-spacer-803624_2e9c31-9b .kt-block-spacer{height:20px;}.wp-block-kadence-spacer.kt-block-spacer-803624_2e9c31-9b .kt-divider{border-top-width:8px;border-top-color:var(--global-palette1, #3182CE);width:30px;border-top-style:solid;}<\/style>\n<div class=\"wp-block-kadence-spacer aligncenter kt-block-spacer-803624_2e9c31-9b\"><div class=\"kt-block-spacer kt-block-spacer-halign-left\"><hr class=\"kt-divider\"\/><\/div><\/div>\n\n\n\n<div style=\"height:20px\" aria-hidden=\"true\" class=\"wp-block-spacer\"><\/div>\n\n\n\n<p>Alquilar un trastero en Madrid no tiene que ser caro. Con precios desde 10 \u20ac al mes*, es una soluci\u00f3n muy asequible para empezar a ganar espacio en casa, gestionar una mudanza o almacenar material de empresa. La clave est\u00e1 en elegir bien el tama\u00f1o y el centro.<\/p>\n\n\n\n<p><br>Nuestros\u00a0<strong>precios de alquiler de trasteros<\/strong>\u00a0son los m\u00e1s\u00a0<strong>econ\u00f3micos<\/strong>. Estamos tan seguros de ello, que si encuentras un precio mejor te lo igualamos.\u00a0<strong>\u00a1Mejor precio garantizado!<\/strong><\/p>\n\n\n\n<p><br>Con nuestra\u00a0<strong>oferta online<\/strong>\u00a0puedes alquilar Tu Trastero<strong>\u00ae<\/strong>\u00a0<strong>desde solo 10\u20ac\/Mes<\/strong>*!<\/p>\n\n\n\n<p>\u00bfQuieres saber exactamente cu\u00e1nto te costar\u00eda un trastero adaptado a tus necesidades? <strong>P\u00eddenos un presupuesto sin compromiso<\/strong> y te damos respuesta en unos minutos.<\/p>\n\n\n\n<div style=\"height:20px\" aria-hidden=\"true\" class=\"wp-block-spacer\"><\/div>\n\n\n<style>.wp-block-kadence-advancedbtn.kb-btns803624_6e975c-02{gap:var(--global-kb-gap-xs, 0.5rem );justify-content:flex-start;align-items:center;}.kt-btns803624_6e975c-02 .kt-button{font-weight:normal;font-style:normal;}.kt-btns803624_6e975c-02 .kt-btn-wrap-0{margin-right:5px;}.wp-block-kadence-advancedbtn.kt-btns803624_6e975c-02 .kt-btn-wrap-0 .kt-button{color:#555555;border-color:#555555;}.wp-block-kadence-advancedbtn.kt-btns803624_6e975c-02 .kt-btn-wrap-0 .kt-button:hover, .wp-block-kadence-advancedbtn.kt-btns803624_6e975c-02 .kt-btn-wrap-0 .kt-button:focus{color:#ffffff;border-color:#444444;}.wp-block-kadence-advancedbtn.kt-btns803624_6e975c-02 .kt-btn-wrap-0 .kt-button::before{display:none;}.wp-block-kadence-advancedbtn.kt-btns803624_6e975c-02 .kt-btn-wrap-0 .kt-button:hover, .wp-block-kadence-advancedbtn.kt-btns803624_6e975c-02 .kt-btn-wrap-0 .kt-button:focus{background:#444444;}<\/style>\n<div class=\"wp-block-kadence-advancedbtn kb-buttons-wrap kb-btns803624_6e975c-02\"><style>ul.menu .wp-block-kadence-advancedbtn .kb-btn803624_bda88f-32.kb-button{width:initial;}.wp-block-kadence-advancedbtn .kb-btn803624_bda88f-32.kb-button:hover, .wp-block-kadence-advancedbtn .kb-btn803624_bda88f-32.kb-button:focus{color:var(--global-palette3, #1A202C);}<\/style><a class=\"kb-button kt-button button kb-btn803624_bda88f-32 kt-btn-size-standard kt-btn-width-type-auto kb-btn-global-fill  kt-btn-has-text-true kt-btn-has-svg-false  wp-block-kadence-singlebtn\" href=\"https:\/\/tutrastero.com\/es\/solicitud-de-presupuesto\/\"><span class=\"kt-btn-inner-text\">Solicita presupuesto en Tu Trastero<\/span><\/a><\/div>\n\n\n\n<p><\/p>\n\n\n\n<p><\/p>\n\n\n\n<p><\/p>\n\n\n\n<p><\/p>\n\n\n\n<div style=\"height:20px\" aria-hidden=\"true\" class=\"wp-block-spacer\"><\/div>\n\n\n\n<div style=\"height:20px\" aria-hidden=\"true\" class=\"wp-block-spacer\"><\/div>\n","protected":false},"excerpt":{"rendered":"<p>Si est\u00e1s pensando en alquilar un trastero y lo primero que te preguntas es cu\u00e1nto te va a costar, est\u00e1s en el lugar correcto. El precio de un trastero puede&#8230;<\/p>\n","protected":false},"author":9,"featured_media":803643,"comment_status":"closed","ping_status":"open","sticky":false,"template":"","format":"standard","meta":{"_kad_blocks_custom_css":"","_kad_blocks_head_custom_js":"","_kad_blocks_body_custom_js":"","_kad_blocks_footer_custom_js":"","_kad_post_transparent":"","_kad_post_title":"","_kad_post_layout":"","_kad_post_sidebar_id":"","_kad_post_content_style":"","_kad_post_vertical_padding":"","_kad_post_feature":"","_kad_post_feature_position":"above","_kad_post_header":false,"_kad_post_footer":false,"_kad_post_classname":"","footnotes":""},"categories":[1],"tags":[],"class_list":["post-803624","post","type-post","status-publish","format-standard","has-post-thumbnail","hentry","category-trasteros-tips"],"yoast_head":"<!-- This site is optimized with the Yoast SEO plugin v27.5 - https:\/\/yoast.com\/product\/yoast-seo-wordpress\/ -->\n<title>\u00bfCu\u00e1nto cuesta alquilar un trastero? Precios en 2026 - Tu Trastero<\/title>\n<meta name=\"description\" content=\"Descubre cu\u00e1nto cuesta alquilar un trastero en 2026. Precios por m\u00b2, factores que influyen y c\u00f3mo conseguir el mejor precio. Gu\u00eda completa.\" \/>\n<meta name=\"robots\" content=\"index, follow, max-snippet:-1, max-image-preview:large, max-video-preview:-1\" \/>\n<link rel=\"canonical\" href=\"https:\/\/tutrastero.com\/es\/cuanto-cuesta-alquilar-un-trastero\/\" \/>\n<meta property=\"og:locale\" content=\"es_ES\" \/>\n<meta property=\"og:type\" content=\"article\" \/>\n<meta property=\"og:title\" content=\"\u00bfCu\u00e1nto cuesta alquilar un trastero? Precios en 2026 - Tu Trastero\" \/>\n<meta property=\"og:description\" content=\"Descubre cu\u00e1nto cuesta alquilar un trastero en 2026. Precios por m\u00b2, factores que influyen y c\u00f3mo conseguir el mejor precio. Gu\u00eda completa.\" \/>\n<meta property=\"og:url\" content=\"https:\/\/tutrastero.com\/es\/cuanto-cuesta-alquilar-un-trastero\/\" \/>\n<meta property=\"og:site_name\" content=\"Tu Trastero, Tu Otro Espacio - Alquiler de Trasteros\" \/>\n<meta property=\"article:publisher\" content=\"http:\/\/www.facebook.com\/tutrastero\" \/>\n<meta property=\"article:published_time\" content=\"2026-04-30T15:25:04+00:00\" \/>\n<meta property=\"article:modified_time\" content=\"2026-04-30T15:28:43+00:00\" \/>\n<meta property=\"og:image\" content=\"https:\/\/tutrastero.com\/wp-content\/uploads\/2026\/04\/cuanto-cuesta-alquilar-un-trastero-precios-actualizados-para-2026-tu-trastero.jpg\" \/>\n\t<meta property=\"og:image:width\" content=\"800\" \/>\n\t<meta property=\"og:image:height\" content=\"619\" \/>\n\t<meta property=\"og:image:type\" content=\"image\/jpeg\" \/>\n<meta name=\"author\" content=\"Inform\u00e1tica\" \/>\n<meta name=\"twitter:card\" content=\"summary_large_image\" \/>\n<meta name=\"twitter:creator\" content=\"@tutrastero_\" \/>\n<meta name=\"twitter:site\" content=\"@tutrastero_\" \/>\n<meta name=\"twitter:label1\" content=\"Escrito por\" \/>\n\t<meta name=\"twitter:data1\" content=\"Inform\u00e1tica\" \/>\n\t<meta name=\"twitter:label2\" content=\"Tiempo de lectura\" \/>\n\t<meta name=\"twitter:data2\" content=\"5 minutos\" \/>\n<script type=\"application\/ld+json\" class=\"yoast-schema-graph\">{\"@context\":\"https:\\\/\\\/schema.org\",\"@graph\":[{\"@type\":\"Article\",\"@id\":\"https:\\\/\\\/tutrastero.com\\\/es\\\/cuanto-cuesta-alquilar-un-trastero\\\/#article\",\"isPartOf\":{\"@id\":\"https:\\\/\\\/tutrastero.com\\\/es\\\/cuanto-cuesta-alquilar-un-trastero\\\/\"},\"author\":{\"name\":\"Inform\u00e1tica\",\"@id\":\"https:\\\/\\\/tutrastero.com\\\/es\\\/#\\\/schema\\\/person\\\/58272493d3641263e95171319fd5c0e6\"},\"headline\":\"\u00bfCu\u00e1nto cuesta alquilar un trastero? Gu\u00eda de precios actualizada\",\"datePublished\":\"2026-04-30T15:25:04+00:00\",\"dateModified\":\"2026-04-30T15:28:43+00:00\",\"mainEntityOfPage\":{\"@id\":\"https:\\\/\\\/tutrastero.com\\\/es\\\/cuanto-cuesta-alquilar-un-trastero\\\/\"},\"wordCount\":887,\"publisher\":{\"@id\":\"https:\\\/\\\/tutrastero.com\\\/es\\\/#organization\"},\"image\":{\"@id\":\"https:\\\/\\\/tutrastero.com\\\/es\\\/cuanto-cuesta-alquilar-un-trastero\\\/#primaryimage\"},\"thumbnailUrl\":\"https:\\\/\\\/tutrastero.com\\\/wp-content\\\/uploads\\\/2026\\\/04\\\/cuanto-cuesta-alquilar-un-trastero-precios-actualizados-para-2026-tu-trastero.jpg\",\"articleSection\":[\"Trasteros - Tips\"],\"inLanguage\":\"es\"},{\"@type\":\"WebPage\",\"@id\":\"https:\\\/\\\/tutrastero.com\\\/es\\\/cuanto-cuesta-alquilar-un-trastero\\\/\",\"url\":\"https:\\\/\\\/tutrastero.com\\\/es\\\/cuanto-cuesta-alquilar-un-trastero\\\/\",\"name\":\"\u00bfCu\u00e1nto cuesta alquilar un trastero? Precios en 2026 - Tu Trastero\",\"isPartOf\":{\"@id\":\"https:\\\/\\\/tutrastero.com\\\/es\\\/#website\"},\"primaryImageOfPage\":{\"@id\":\"https:\\\/\\\/tutrastero.com\\\/es\\\/cuanto-cuesta-alquilar-un-trastero\\\/#primaryimage\"},\"image\":{\"@id\":\"https:\\\/\\\/tutrastero.com\\\/es\\\/cuanto-cuesta-alquilar-un-trastero\\\/#primaryimage\"},\"thumbnailUrl\":\"https:\\\/\\\/tutrastero.com\\\/wp-content\\\/uploads\\\/2026\\\/04\\\/cuanto-cuesta-alquilar-un-trastero-precios-actualizados-para-2026-tu-trastero.jpg\",\"datePublished\":\"2026-04-30T15:25:04+00:00\",\"dateModified\":\"2026-04-30T15:28:43+00:00\",\"description\":\"Descubre cu\u00e1nto cuesta alquilar un trastero en 2026. Precios por m\u00b2, factores que influyen y c\u00f3mo conseguir el mejor precio. Gu\u00eda completa.\",\"breadcrumb\":{\"@id\":\"https:\\\/\\\/tutrastero.com\\\/es\\\/cuanto-cuesta-alquilar-un-trastero\\\/#breadcrumb\"},\"inLanguage\":\"es\",\"potentialAction\":[{\"@type\":\"ReadAction\",\"target\":[\"https:\\\/\\\/tutrastero.com\\\/es\\\/cuanto-cuesta-alquilar-un-trastero\\\/\"]}]},{\"@type\":\"ImageObject\",\"inLanguage\":\"es\",\"@id\":\"https:\\\/\\\/tutrastero.com\\\/es\\\/cuanto-cuesta-alquilar-un-trastero\\\/#primaryimage\",\"url\":\"https:\\\/\\\/tutrastero.com\\\/wp-content\\\/uploads\\\/2026\\\/04\\\/cuanto-cuesta-alquilar-un-trastero-precios-actualizados-para-2026-tu-trastero.jpg\",\"contentUrl\":\"https:\\\/\\\/tutrastero.com\\\/wp-content\\\/uploads\\\/2026\\\/04\\\/cuanto-cuesta-alquilar-un-trastero-precios-actualizados-para-2026-tu-trastero.jpg\",\"width\":800,\"height\":619,\"caption\":\"cu\u00e1nto cuesta alquilar un trastero precios actualizados para 2026 Tu Trastero\"},{\"@type\":\"BreadcrumbList\",\"@id\":\"https:\\\/\\\/tutrastero.com\\\/es\\\/cuanto-cuesta-alquilar-un-trastero\\\/#breadcrumb\",\"itemListElement\":[{\"@type\":\"ListItem\",\"position\":1,\"name\":\"Portada\",\"item\":\"https:\\\/\\\/tutrastero.com\\\/es\\\/\"},{\"@type\":\"ListItem\",\"position\":2,\"name\":\"\u00bfCu\u00e1nto cuesta alquilar un trastero? Gu\u00eda de precios actualizada\"}]},{\"@type\":\"WebSite\",\"@id\":\"https:\\\/\\\/tutrastero.com\\\/es\\\/#website\",\"url\":\"https:\\\/\\\/tutrastero.com\\\/es\\\/\",\"name\":\"Tu Trastero, Tu Otro Espacio - Alquiler de Trasteros\",\"description\":\"Alquiler de trasteros en Madrid, Sevilla y Valladolid\",\"publisher\":{\"@id\":\"https:\\\/\\\/tutrastero.com\\\/es\\\/#organization\"},\"potentialAction\":[{\"@type\":\"SearchAction\",\"target\":{\"@type\":\"EntryPoint\",\"urlTemplate\":\"https:\\\/\\\/tutrastero.com\\\/es\\\/?s={search_term_string}\"},\"query-input\":{\"@type\":\"PropertyValueSpecification\",\"valueRequired\":true,\"valueName\":\"search_term_string\"}}],\"inLanguage\":\"es\"},{\"@type\":\"Organization\",\"@id\":\"https:\\\/\\\/tutrastero.com\\\/es\\\/#organization\",\"name\":\"Tu Trastero, Tu Otro Espacio - Alquiler de Trasteros\",\"url\":\"https:\\\/\\\/tutrastero.com\\\/es\\\/\",\"logo\":{\"@type\":\"ImageObject\",\"inLanguage\":\"es\",\"@id\":\"https:\\\/\\\/tutrastero.com\\\/es\\\/#\\\/schema\\\/logo\\\/image\\\/\",\"url\":\"https:\\\/\\\/tutrastero.com\\\/wp-content\\\/uploads\\\/2025\\\/01\\\/tu-trastero-alquiler-de-trasteros-logo.svg\",\"contentUrl\":\"https:\\\/\\\/tutrastero.com\\\/wp-content\\\/uploads\\\/2025\\\/01\\\/tu-trastero-alquiler-de-trasteros-logo.svg\",\"width\":227,\"height\":35,\"caption\":\"Tu Trastero, Tu Otro Espacio - Alquiler de Trasteros\"},\"image\":{\"@id\":\"https:\\\/\\\/tutrastero.com\\\/es\\\/#\\\/schema\\\/logo\\\/image\\\/\"},\"sameAs\":[\"http:\\\/\\\/www.facebook.com\\\/tutrastero\",\"https:\\\/\\\/x.com\\\/tutrastero_\",\"http:\\\/\\\/instagram.com\\\/tutrastero_\",\"https:\\\/\\\/www.pinterest.com\\\/tutrastero\\\/\",\"https:\\\/\\\/www.youtube.com\\\/user\\\/RALBDR\\\/featured\"]},{\"@type\":\"Person\",\"@id\":\"https:\\\/\\\/tutrastero.com\\\/es\\\/#\\\/schema\\\/person\\\/58272493d3641263e95171319fd5c0e6\",\"name\":\"Inform\u00e1tica\",\"image\":{\"@type\":\"ImageObject\",\"inLanguage\":\"es\",\"@id\":\"https:\\\/\\\/secure.gravatar.com\\\/avatar\\\/a3032cb3697cf00233bb43217711735d83b4bac9d02998c90d619499584ed3cf?s=96&d=mm&r=g\",\"url\":\"https:\\\/\\\/secure.gravatar.com\\\/avatar\\\/a3032cb3697cf00233bb43217711735d83b4bac9d02998c90d619499584ed3cf?s=96&d=mm&r=g\",\"contentUrl\":\"https:\\\/\\\/secure.gravatar.com\\\/avatar\\\/a3032cb3697cf00233bb43217711735d83b4bac9d02998c90d619499584ed3cf?s=96&d=mm&r=g\",\"caption\":\"Inform\u00e1tica\"},\"sameAs\":[\"https:\\\/\\\/tutrastero.com\\\/\"]}]}<\/script>\n<!-- \/ Yoast SEO plugin. -->","yoast_head_json":{"title":"\u00bfCu\u00e1nto cuesta alquilar un trastero? Precios en 2026 - Tu Trastero","description":"Descubre cu\u00e1nto cuesta alquilar un trastero en 2026. Precios por m\u00b2, factores que influyen y c\u00f3mo conseguir el mejor precio. Gu\u00eda completa.","robots":{"index":"index","follow":"follow","max-snippet":"max-snippet:-1","max-image-preview":"max-image-preview:large","max-video-preview":"max-video-preview:-1"},"canonical":"https:\/\/tutrastero.com\/es\/cuanto-cuesta-alquilar-un-trastero\/","og_locale":"es_ES","og_type":"article","og_title":"\u00bfCu\u00e1nto cuesta alquilar un trastero? Precios en 2026 - Tu Trastero","og_description":"Descubre cu\u00e1nto cuesta alquilar un trastero en 2026. Precios por m\u00b2, factores que influyen y c\u00f3mo conseguir el mejor precio. Gu\u00eda completa.","og_url":"https:\/\/tutrastero.com\/es\/cuanto-cuesta-alquilar-un-trastero\/","og_site_name":"Tu Trastero, Tu Otro Espacio - Alquiler de Trasteros","article_publisher":"http:\/\/www.facebook.com\/tutrastero","article_published_time":"2026-04-30T15:25:04+00:00","article_modified_time":"2026-04-30T15:28:43+00:00","og_image":[{"width":800,"height":619,"url":"https:\/\/tutrastero.com\/wp-content\/uploads\/2026\/04\/cuanto-cuesta-alquilar-un-trastero-precios-actualizados-para-2026-tu-trastero.jpg","type":"image\/jpeg"}],"author":"Inform\u00e1tica","twitter_card":"summary_large_image","twitter_creator":"@tutrastero_","twitter_site":"@tutrastero_","twitter_misc":{"Escrito por":"Inform\u00e1tica","Tiempo de lectura":"5 minutos"},"schema":{"@context":"https:\/\/schema.org","@graph":[{"@type":"Article","@id":"https:\/\/tutrastero.com\/es\/cuanto-cuesta-alquilar-un-trastero\/#article","isPartOf":{"@id":"https:\/\/tutrastero.com\/es\/cuanto-cuesta-alquilar-un-trastero\/"},"author":{"name":"Inform\u00e1tica","@id":"https:\/\/tutrastero.com\/es\/#\/schema\/person\/58272493d3641263e95171319fd5c0e6"},"headline":"\u00bfCu\u00e1nto cuesta alquilar un trastero? Gu\u00eda de precios actualizada","datePublished":"2026-04-30T15:25:04+00:00","dateModified":"2026-04-30T15:28:43+00:00","mainEntityOfPage":{"@id":"https:\/\/tutrastero.com\/es\/cuanto-cuesta-alquilar-un-trastero\/"},"wordCount":887,"publisher":{"@id":"https:\/\/tutrastero.com\/es\/#organization"},"image":{"@id":"https:\/\/tutrastero.com\/es\/cuanto-cuesta-alquilar-un-trastero\/#primaryimage"},"thumbnailUrl":"https:\/\/tutrastero.com\/wp-content\/uploads\/2026\/04\/cuanto-cuesta-alquilar-un-trastero-precios-actualizados-para-2026-tu-trastero.jpg","articleSection":["Trasteros - Tips"],"inLanguage":"es"},{"@type":"WebPage","@id":"https:\/\/tutrastero.com\/es\/cuanto-cuesta-alquilar-un-trastero\/","url":"https:\/\/tutrastero.com\/es\/cuanto-cuesta-alquilar-un-trastero\/","name":"\u00bfCu\u00e1nto cuesta alquilar un trastero? Precios en 2026 - Tu Trastero","isPartOf":{"@id":"https:\/\/tutrastero.com\/es\/#website"},"primaryImageOfPage":{"@id":"https:\/\/tutrastero.com\/es\/cuanto-cuesta-alquilar-un-trastero\/#primaryimage"},"image":{"@id":"https:\/\/tutrastero.com\/es\/cuanto-cuesta-alquilar-un-trastero\/#primaryimage"},"thumbnailUrl":"https:\/\/tutrastero.com\/wp-content\/uploads\/2026\/04\/cuanto-cuesta-alquilar-un-trastero-precios-actualizados-para-2026-tu-trastero.jpg","datePublished":"2026-04-30T15:25:04+00:00","dateModified":"2026-04-30T15:28:43+00:00","description":"Descubre cu\u00e1nto cuesta alquilar un trastero en 2026. Precios por m\u00b2, factores que influyen y c\u00f3mo conseguir el mejor precio. Gu\u00eda completa.","breadcrumb":{"@id":"https:\/\/tutrastero.com\/es\/cuanto-cuesta-alquilar-un-trastero\/#breadcrumb"},"inLanguage":"es","potentialAction":[{"@type":"ReadAction","target":["https:\/\/tutrastero.com\/es\/cuanto-cuesta-alquilar-un-trastero\/"]}]},{"@type":"ImageObject","inLanguage":"es","@id":"https:\/\/tutrastero.com\/es\/cuanto-cuesta-alquilar-un-trastero\/#primaryimage","url":"https:\/\/tutrastero.com\/wp-content\/uploads\/2026\/04\/cuanto-cuesta-alquilar-un-trastero-precios-actualizados-para-2026-tu-trastero.jpg","contentUrl":"https:\/\/tutrastero.com\/wp-content\/uploads\/2026\/04\/cuanto-cuesta-alquilar-un-trastero-precios-actualizados-para-2026-tu-trastero.jpg","width":800,"height":619,"caption":"cu\u00e1nto cuesta alquilar un trastero precios actualizados para 2026 Tu Trastero"},{"@type":"BreadcrumbList","@id":"https:\/\/tutrastero.com\/es\/cuanto-cuesta-alquilar-un-trastero\/#breadcrumb","itemListElement":[{"@type":"ListItem","position":1,"name":"Portada","item":"https:\/\/tutrastero.com\/es\/"},{"@type":"ListItem","position":2,"name":"\u00bfCu\u00e1nto cuesta alquilar un trastero? Gu\u00eda de precios actualizada"}]},{"@type":"WebSite","@id":"https:\/\/tutrastero.com\/es\/#website","url":"https:\/\/tutrastero.com\/es\/","name":"Tu Trastero, Tu Otro Espacio - Alquiler de Trasteros","description":"Alquiler de trasteros en Madrid, Sevilla y Valladolid","publisher":{"@id":"https:\/\/tutrastero.com\/es\/#organization"},"potentialAction":[{"@type":"SearchAction","target":{"@type":"EntryPoint","urlTemplate":"https:\/\/tutrastero.com\/es\/?s={search_term_string}"},"query-input":{"@type":"PropertyValueSpecification","valueRequired":true,"valueName":"search_term_string"}}],"inLanguage":"es"},{"@type":"Organization","@id":"https:\/\/tutrastero.com\/es\/#organization","name":"Tu Trastero, Tu Otro Espacio - Alquiler de Trasteros","url":"https:\/\/tutrastero.com\/es\/","logo":{"@type":"ImageObject","inLanguage":"es","@id":"https:\/\/tutrastero.com\/es\/#\/schema\/logo\/image\/","url":"https:\/\/tutrastero.com\/wp-content\/uploads\/2025\/01\/tu-trastero-alquiler-de-trasteros-logo.svg","contentUrl":"https:\/\/tutrastero.com\/wp-content\/uploads\/2025\/01\/tu-trastero-alquiler-de-trasteros-logo.svg","width":227,"height":35,"caption":"Tu Trastero, Tu Otro Espacio - Alquiler de Trasteros"},"image":{"@id":"https:\/\/tutrastero.com\/es\/#\/schema\/logo\/image\/"},"sameAs":["http:\/\/www.facebook.com\/tutrastero","https:\/\/x.com\/tutrastero_","http:\/\/instagram.com\/tutrastero_","https:\/\/www.pinterest.com\/tutrastero\/","https:\/\/www.youtube.com\/user\/RALBDR\/featured"]},{"@type":"Person","@id":"https:\/\/tutrastero.com\/es\/#\/schema\/person\/58272493d3641263e95171319fd5c0e6","name":"Inform\u00e1tica","image":{"@type":"ImageObject","inLanguage":"es","@id":"https:\/\/secure.gravatar.com\/avatar\/a3032cb3697cf00233bb43217711735d83b4bac9d02998c90d619499584ed3cf?s=96&d=mm&r=g","url":"https:\/\/secure.gravatar.com\/avatar\/a3032cb3697cf00233bb43217711735d83b4bac9d02998c90d619499584ed3cf?s=96&d=mm&r=g","contentUrl":"https:\/\/secure.gravatar.com\/avatar\/a3032cb3697cf00233bb43217711735d83b4bac9d02998c90d619499584ed3cf?s=96&d=mm&r=g","caption":"Inform\u00e1tica"},"sameAs":["https:\/\/tutrastero.com\/"]}]}},"taxonomy_info":{"category":[{"value":1,"label":"Trasteros - Tips"}]},"featured_image_src_large":["https:\/\/tutrastero.com\/wp-content\/uploads\/2026\/04\/cuanto-cuesta-alquilar-un-trastero-precios-actualizados-para-2026-tu-trastero.jpg",800,619,false],"author_info":{"display_name":"Inform\u00e1tica","author_link":"https:\/\/tutrastero.com\/es\/author\/informaticatutrastero-com\/"},"comment_info":0,"category_info":[{"term_id":1,"name":"Trasteros - Tips","slug":"trasteros-tips","term_group":0,"term_taxonomy_id":1,"taxonomy":"category","description":"","parent":0,"count":17,"filter":"raw","cat_ID":1,"category_count":17,"category_description":"","cat_name":"Trasteros - Tips","category_nicename":"trasteros-tips","category_parent":0}],"tag_info":false,"_links":{"self":[{"href":"https:\/\/tutrastero.com\/es\/wp-json\/wp\/v2\/posts\/803624","targetHints":{"allow":["GET"]}}],"collection":[{"href":"https:\/\/tutrastero.com\/es\/wp-json\/wp\/v2\/posts"}],"about":[{"href":"https:\/\/tutrastero.com\/es\/wp-json\/wp\/v2\/types\/post"}],"author":[{"embeddable":true,"href":"https:\/\/tutrastero.com\/es\/wp-json\/wp\/v2\/users\/9"}],"replies":[{"embeddable":true,"href":"https:\/\/tutrastero.com\/es\/wp-json\/wp\/v2\/comments?post=803624"}],"version-history":[{"count":0,"href":"https:\/\/tutrastero.com\/es\/wp-json\/wp\/v2\/posts\/803624\/revisions"}],"wp:featuredmedia":[{"embeddable":true,"href":"https:\/\/tutrastero.com\/es\/wp-json\/wp\/v2\/media\/803643"}],"wp:attachment":[{"href":"https:\/\/tutrastero.com\/es\/wp-json\/wp\/v2\/media?parent=803624"}],"wp:term":[{"taxonomy":"category","embeddable":true,"href":"https:\/\/tutrastero.com\/es\/wp-json\/wp\/v2\/categories?post=803624"},{"taxonomy":"post_tag","embeddable":true,"href":"https:\/\/tutrastero.com\/es\/wp-json\/wp\/v2\/tags?post=803624"}],"curies":[{"name":"wp","href":"https:\/\/api.w.org\/{rel}","templated":true}]}}