{"id":339680,"date":"2023-03-22T11:01:57","date_gmt":"2023-03-22T10:01:57","guid":{"rendered":"https:\/\/tutrastero.com\/?p=339680"},"modified":"2026-04-23T10:35:00","modified_gmt":"2026-04-23T08:35:00","slug":"3-rutas-faciles-para-ir-en-bici-en-primavera","status":"publish","type":"post","link":"https:\/\/tutrastero.com\/es\/3-rutas-faciles-para-ir-en-bici-en-primavera\/","title":{"rendered":"3 rutas f\u00e1ciles para ir en bici en primavera"},"content":{"rendered":"\n<p><strong>En Tu Trastero nos gusta que guardes tu bici con nosotros<\/strong>, pero ya est\u00e1 aqu\u00ed la primavera y tambi\u00e9n queremos que disfrutes de ella en esta \u00e9poca tan llena de vida. Por ello te proponemos <strong>3 rutas f\u00e1ciles para ir en bici en primavera<\/strong> para disfrutar del paisaje y que no te cueste nada volver a montar.<\/p>\n\n\n\n<p>Lo primero de todo, <strong>te recomendamos revisar<\/strong> que tu amiga de 2 ruedas est\u00e9 en perfectas condiciones y puesta al d\u00eda para salir a rodar. No basta con quitarle el polvo, vigila los <strong>neum\u00e1ticos<\/strong>,<strong> frenos<\/strong> y <strong>a\u00f1ade lubricante a la cadena<\/strong>.<\/p>\n\n\n<style>.wp-block-kadence-advancedheading.kt-adv-heading339680_cefe32-0b, .wp-block-kadence-advancedheading.kt-adv-heading339680_cefe32-0b[data-kb-block=\"kb-adv-heading339680_cefe32-0b\"]{font-style:normal;}.wp-block-kadence-advancedheading.kt-adv-heading339680_cefe32-0b mark.kt-highlight, .wp-block-kadence-advancedheading.kt-adv-heading339680_cefe32-0b[data-kb-block=\"kb-adv-heading339680_cefe32-0b\"] mark.kt-highlight{font-style:normal;color:#f76a0c;-webkit-box-decoration-break:clone;box-decoration-break:clone;padding-top:0px;padding-right:0px;padding-bottom:0px;padding-left:0px;}<\/style>\n<h2 class=\"kt-adv-heading339680_cefe32-0b wp-block-kadence-advancedheading\" data-kb-block=\"kb-adv-heading339680_cefe32-0b\">Ruta 1 &#8211; El Retiro \/ Paseo Mar\u00edtimo de Barcelona<\/h2>\n\n\n\n<p>Si lo que buscas es una <strong>ruta f\u00e1cil de verdad<\/strong> y vives en una gran ciudad, los grandes parques como <strong>El Retiro<\/strong> en Madrid o el <strong>paseo mar\u00edtimo de Barcelona<\/strong> y el <strong>Port Vell<\/strong>, son tus puntos de inicio.&nbsp;Si tienes guardada tu bici en <strong><a href=\"https:\/\/tutrastero.com\/es\/alquiler-de-trasteros\/madrid\/chamartin\/\">Tu Trastero de&nbsp; Pr\u00edncipe de Vergara 210<\/a><\/strong>, no tienes excusa,&nbsp;tienes el <strong>Parque de Berl\u00edn<\/strong> a tus pies.<\/p>\n\n\n<style>.wp-block-kadence-advancedheading.kt-adv-heading339680_a8186f-84, .wp-block-kadence-advancedheading.kt-adv-heading339680_a8186f-84[data-kb-block=\"kb-adv-heading339680_a8186f-84\"]{font-style:normal;}.wp-block-kadence-advancedheading.kt-adv-heading339680_a8186f-84 mark.kt-highlight, .wp-block-kadence-advancedheading.kt-adv-heading339680_a8186f-84[data-kb-block=\"kb-adv-heading339680_a8186f-84\"] mark.kt-highlight{font-style:normal;color:#f76a0c;-webkit-box-decoration-break:clone;box-decoration-break:clone;padding-top:0px;padding-right:0px;padding-bottom:0px;padding-left:0px;}<\/style>\n<h2 class=\"kt-adv-heading339680_a8186f-84 wp-block-kadence-advancedheading\" data-kb-block=\"kb-adv-heading339680_a8186f-84\">Ruta 2 &#8211; Casa de Campo<\/h2>\n\n\n\n<p>Esta ubicaci\u00f3n es un <strong>punto intermedio<\/strong> entre ciudad y campo,<strong> <\/strong>siendo perfecta para hacer largas tiradas con<strong> pendientes moderadas sin grandes esfuerzos<\/strong>. Poder respirar <strong>aire limpio<\/strong>, disfrutar de la <strong>naturaleza<\/strong>, de su <strong>gran lago<\/strong> y del <strong>skyline de Madrid<\/strong> en este gran parque es <strong>muy motivador<\/strong>.&nbsp;<\/p>\n\n\n<style>.wp-block-kadence-advancedheading.kt-adv-heading339680_46e1da-94, .wp-block-kadence-advancedheading.kt-adv-heading339680_46e1da-94[data-kb-block=\"kb-adv-heading339680_46e1da-94\"]{font-style:normal;}.wp-block-kadence-advancedheading.kt-adv-heading339680_46e1da-94 mark.kt-highlight, .wp-block-kadence-advancedheading.kt-adv-heading339680_46e1da-94[data-kb-block=\"kb-adv-heading339680_46e1da-94\"] mark.kt-highlight{font-style:normal;color:#f76a0c;-webkit-box-decoration-break:clone;box-decoration-break:clone;padding-top:0px;padding-right:0px;padding-bottom:0px;padding-left:0px;}<\/style>\n<h2 class=\"kt-adv-heading339680_46e1da-94 wp-block-kadence-advancedheading\" data-kb-block=\"kb-adv-heading339680_46e1da-94\">Ruta 3 &#8211; Sierra de Guadarrama:&nbsp; Cercedilla y Navacerrada<\/h2>\n\n\n\n<p>Ir a <strong>Cercedilla<\/strong> y a sus alrededores es siempre <strong>un buen plan de fin de semana<\/strong>, pero disfrutar de tu mountain bike en esta maravillosa ruta, de <strong>belleza singular que transcurre entre bosques<\/strong>, es algo incre\u00edble. <\/p>\n\n\n\n<p>Tienes caminos de tierra sencillos y <strong>pendientes m\u00e1s intensas<\/strong> si ya has cogido algo de forma f\u00edsica. En la <strong>Sierra de Guadarrama<\/strong>, tambi\u00e9n te recomendamos la zona de <strong>La Barranca<\/strong> en <strong>Navacerrada<\/strong>, con un peque\u00f1o lago a los pies de la monta\u00f1a, donde por un momento pensar\u00e1s que est\u00e1s en la Suiza de Madrid.<\/p>\n\n\n\n<p>Elijas la ruta que elijas de estas 3 rutas f\u00e1ciles para ir en bici en primavera,<strong> empieza poco a poco<\/strong> y <strong>c\u00e9ntrate en disfrutar del paisaje y desconectar.<\/strong><\/p>\n\n\n\n<p>Es hora de regresar de nuestra <strong>bonita escapada<\/strong> y volver a <strong>guardar la bici en Tu Trastero con f\u00e1cil acceso <\/strong>desde nuestro<strong> parking gratuito, <\/strong>para que est\u00e9 en<strong> lugar seguro, vigilado<\/strong> y puedas tener m\u00e1s espacio en casa. <\/p>\n\n\n\n<p>Recuerda que siempre puedes guardar tu bici c\u00f3modamente en <strong>Tu Trastero m\u00e1s cercano<\/strong>, tenemos<strong> m\u00e1s de 46 centros por toda Espa\u00f1a <\/strong><a href=\"https:\/\/tutrastero.com\/es\/alquiler-de-trasteros\/\"><strong>(encuentra Tu Trastero m\u00e1s cercano aqu\u00ed)<\/strong><\/a><strong> con trasteros desde 1m2, perfectos para guardar tu bici.<\/strong><\/p>\n","protected":false},"excerpt":{"rendered":"<p>En Tu Trastero nos gusta que guardes tu bici con nosotros, pero ya est\u00e1 aqu\u00ed la primavera y tambi\u00e9n queremos que disfrutes de ella en esta \u00e9poca tan llena de&#8230;<\/p>\n","protected":false},"author":9,"featured_media":339681,"comment_status":"closed","ping_status":"open","sticky":false,"template":"","format":"standard","meta":{"_kad_blocks_custom_css":"","_kad_blocks_head_custom_js":"","_kad_blocks_body_custom_js":"","_kad_blocks_footer_custom_js":"","_kad_post_transparent":"default","_kad_post_title":"","_kad_post_layout":"default","_kad_post_sidebar_id":"","_kad_post_content_style":"","_kad_post_vertical_padding":"","_kad_post_feature":"","_kad_post_feature_position":"above","_kad_post_header":false,"_kad_post_footer":false,"_kad_post_classname":"","footnotes":""},"categories":[1],"tags":[],"class_list":["post-339680","post","type-post","status-publish","format-standard","has-post-thumbnail","hentry","category-trasteros-tips"],"yoast_head":"<!-- This site is optimized with the Yoast SEO plugin v27.5 - https:\/\/yoast.com\/product\/yoast-seo-wordpress\/ -->\n<title>3 rutas f\u00e1ciles para ir en bici en primavera - Tu Trastero<\/title>\n<meta name=\"description\" content=\"Con estas 3 rutas f\u00e1ciles para ir en bici en primavera no tendr\u00e1s excusa para sacar tu bici de Tu Trastero y volver a disfrutar del paisaje.\" \/>\n<meta name=\"robots\" content=\"index, follow, max-snippet:-1, max-image-preview:large, max-video-preview:-1\" \/>\n<link rel=\"canonical\" href=\"https:\/\/tutrastero.com\/es\/3-rutas-faciles-para-ir-en-bici-en-primavera\/\" \/>\n<meta property=\"og:locale\" content=\"es_ES\" \/>\n<meta property=\"og:type\" content=\"article\" \/>\n<meta property=\"og:title\" content=\"3 rutas f\u00e1ciles para ir en bici en primavera - Tu Trastero\" \/>\n<meta property=\"og:description\" content=\"Con estas 3 rutas f\u00e1ciles para ir en bici en primavera no tendr\u00e1s excusa para sacar tu bici de Tu Trastero y volver a disfrutar del paisaje.\" \/>\n<meta property=\"og:url\" content=\"https:\/\/tutrastero.com\/es\/3-rutas-faciles-para-ir-en-bici-en-primavera\/\" \/>\n<meta property=\"og:site_name\" content=\"Tu Trastero, Tu Otro Espacio - Alquiler de Trasteros\" \/>\n<meta property=\"article:publisher\" content=\"http:\/\/www.facebook.com\/tutrastero\" \/>\n<meta property=\"article:published_time\" content=\"2023-03-22T10:01:57+00:00\" \/>\n<meta property=\"article:modified_time\" content=\"2026-04-23T08:35:00+00:00\" \/>\n<meta property=\"og:image\" content=\"https:\/\/tutrastero.com\/wp-content\/uploads\/2023\/03\/3-rutas-faciles-para-ir-en-bici-en-primavera-tu-trastero.jpg\" \/>\n\t<meta property=\"og:image:width\" content=\"800\" \/>\n\t<meta property=\"og:image:height\" content=\"619\" \/>\n\t<meta property=\"og:image:type\" content=\"image\/jpeg\" \/>\n<meta name=\"author\" content=\"Inform\u00e1tica\" \/>\n<meta name=\"twitter:card\" content=\"summary_large_image\" \/>\n<meta name=\"twitter:creator\" content=\"@tutrastero_\" \/>\n<meta name=\"twitter:site\" content=\"@tutrastero_\" \/>\n<meta name=\"twitter:label1\" content=\"Escrito por\" \/>\n\t<meta name=\"twitter:data1\" content=\"Inform\u00e1tica\" \/>\n\t<meta name=\"twitter:label2\" content=\"Tiempo de lectura\" \/>\n\t<meta name=\"twitter:data2\" content=\"2 minutos\" \/>\n<script type=\"application\/ld+json\" class=\"yoast-schema-graph\">{\"@context\":\"https:\\\/\\\/schema.org\",\"@graph\":[{\"@type\":\"Article\",\"@id\":\"https:\\\/\\\/tutrastero.com\\\/es\\\/3-rutas-faciles-para-ir-en-bici-en-primavera\\\/#article\",\"isPartOf\":{\"@id\":\"https:\\\/\\\/tutrastero.com\\\/es\\\/3-rutas-faciles-para-ir-en-bici-en-primavera\\\/\"},\"author\":{\"name\":\"Inform\u00e1tica\",\"@id\":\"https:\\\/\\\/tutrastero.com\\\/es\\\/#\\\/schema\\\/person\\\/58272493d3641263e95171319fd5c0e6\"},\"headline\":\"3 rutas f\u00e1ciles para ir en bici en primavera\",\"datePublished\":\"2023-03-22T10:01:57+00:00\",\"dateModified\":\"2026-04-23T08:35:00+00:00\",\"mainEntityOfPage\":{\"@id\":\"https:\\\/\\\/tutrastero.com\\\/es\\\/3-rutas-faciles-para-ir-en-bici-en-primavera\\\/\"},\"wordCount\":457,\"publisher\":{\"@id\":\"https:\\\/\\\/tutrastero.com\\\/es\\\/#organization\"},\"image\":{\"@id\":\"https:\\\/\\\/tutrastero.com\\\/es\\\/3-rutas-faciles-para-ir-en-bici-en-primavera\\\/#primaryimage\"},\"thumbnailUrl\":\"https:\\\/\\\/tutrastero.com\\\/wp-content\\\/uploads\\\/2023\\\/03\\\/3-rutas-faciles-para-ir-en-bici-en-primavera-tu-trastero.jpg\",\"articleSection\":[\"Trasteros - Tips\"],\"inLanguage\":\"es\"},{\"@type\":\"WebPage\",\"@id\":\"https:\\\/\\\/tutrastero.com\\\/es\\\/3-rutas-faciles-para-ir-en-bici-en-primavera\\\/\",\"url\":\"https:\\\/\\\/tutrastero.com\\\/es\\\/3-rutas-faciles-para-ir-en-bici-en-primavera\\\/\",\"name\":\"3 rutas f\u00e1ciles para ir en bici en primavera - Tu Trastero\",\"isPartOf\":{\"@id\":\"https:\\\/\\\/tutrastero.com\\\/es\\\/#website\"},\"primaryImageOfPage\":{\"@id\":\"https:\\\/\\\/tutrastero.com\\\/es\\\/3-rutas-faciles-para-ir-en-bici-en-primavera\\\/#primaryimage\"},\"image\":{\"@id\":\"https:\\\/\\\/tutrastero.com\\\/es\\\/3-rutas-faciles-para-ir-en-bici-en-primavera\\\/#primaryimage\"},\"thumbnailUrl\":\"https:\\\/\\\/tutrastero.com\\\/wp-content\\\/uploads\\\/2023\\\/03\\\/3-rutas-faciles-para-ir-en-bici-en-primavera-tu-trastero.jpg\",\"datePublished\":\"2023-03-22T10:01:57+00:00\",\"dateModified\":\"2026-04-23T08:35:00+00:00\",\"description\":\"Con estas 3 rutas f\u00e1ciles para ir en bici en primavera no tendr\u00e1s excusa para sacar tu bici de Tu Trastero y volver a disfrutar del paisaje.\",\"breadcrumb\":{\"@id\":\"https:\\\/\\\/tutrastero.com\\\/es\\\/3-rutas-faciles-para-ir-en-bici-en-primavera\\\/#breadcrumb\"},\"inLanguage\":\"es\",\"potentialAction\":[{\"@type\":\"ReadAction\",\"target\":[\"https:\\\/\\\/tutrastero.com\\\/es\\\/3-rutas-faciles-para-ir-en-bici-en-primavera\\\/\"]}]},{\"@type\":\"ImageObject\",\"inLanguage\":\"es\",\"@id\":\"https:\\\/\\\/tutrastero.com\\\/es\\\/3-rutas-faciles-para-ir-en-bici-en-primavera\\\/#primaryimage\",\"url\":\"https:\\\/\\\/tutrastero.com\\\/wp-content\\\/uploads\\\/2023\\\/03\\\/3-rutas-faciles-para-ir-en-bici-en-primavera-tu-trastero.jpg\",\"contentUrl\":\"https:\\\/\\\/tutrastero.com\\\/wp-content\\\/uploads\\\/2023\\\/03\\\/3-rutas-faciles-para-ir-en-bici-en-primavera-tu-trastero.jpg\",\"width\":800,\"height\":619,\"caption\":\"3 rutas f\u00e1ciles para ir en bici en primavera Tu Trastero\"},{\"@type\":\"BreadcrumbList\",\"@id\":\"https:\\\/\\\/tutrastero.com\\\/es\\\/3-rutas-faciles-para-ir-en-bici-en-primavera\\\/#breadcrumb\",\"itemListElement\":[{\"@type\":\"ListItem\",\"position\":1,\"name\":\"Portada\",\"item\":\"https:\\\/\\\/tutrastero.com\\\/es\\\/\"},{\"@type\":\"ListItem\",\"position\":2,\"name\":\"3 rutas f\u00e1ciles para ir en bici en primavera\"}]},{\"@type\":\"WebSite\",\"@id\":\"https:\\\/\\\/tutrastero.com\\\/es\\\/#website\",\"url\":\"https:\\\/\\\/tutrastero.com\\\/es\\\/\",\"name\":\"Tu Trastero, Tu Otro Espacio - Alquiler de Trasteros\",\"description\":\"Alquiler de trasteros en Madrid, Sevilla y Valladolid\",\"publisher\":{\"@id\":\"https:\\\/\\\/tutrastero.com\\\/es\\\/#organization\"},\"potentialAction\":[{\"@type\":\"SearchAction\",\"target\":{\"@type\":\"EntryPoint\",\"urlTemplate\":\"https:\\\/\\\/tutrastero.com\\\/es\\\/?s={search_term_string}\"},\"query-input\":{\"@type\":\"PropertyValueSpecification\",\"valueRequired\":true,\"valueName\":\"search_term_string\"}}],\"inLanguage\":\"es\"},{\"@type\":\"Organization\",\"@id\":\"https:\\\/\\\/tutrastero.com\\\/es\\\/#organization\",\"name\":\"Tu Trastero, Tu Otro Espacio - Alquiler de Trasteros\",\"url\":\"https:\\\/\\\/tutrastero.com\\\/es\\\/\",\"logo\":{\"@type\":\"ImageObject\",\"inLanguage\":\"es\",\"@id\":\"https:\\\/\\\/tutrastero.com\\\/es\\\/#\\\/schema\\\/logo\\\/image\\\/\",\"url\":\"https:\\\/\\\/tutrastero.com\\\/wp-content\\\/uploads\\\/2025\\\/01\\\/tu-trastero-alquiler-de-trasteros-logo.svg\",\"contentUrl\":\"https:\\\/\\\/tutrastero.com\\\/wp-content\\\/uploads\\\/2025\\\/01\\\/tu-trastero-alquiler-de-trasteros-logo.svg\",\"width\":227,\"height\":35,\"caption\":\"Tu Trastero, Tu Otro Espacio - Alquiler de Trasteros\"},\"image\":{\"@id\":\"https:\\\/\\\/tutrastero.com\\\/es\\\/#\\\/schema\\\/logo\\\/image\\\/\"},\"sameAs\":[\"http:\\\/\\\/www.facebook.com\\\/tutrastero\",\"https:\\\/\\\/x.com\\\/tutrastero_\",\"http:\\\/\\\/instagram.com\\\/tutrastero_\",\"https:\\\/\\\/www.pinterest.com\\\/tutrastero\\\/\",\"https:\\\/\\\/www.youtube.com\\\/user\\\/RALBDR\\\/featured\"]},{\"@type\":\"Person\",\"@id\":\"https:\\\/\\\/tutrastero.com\\\/es\\\/#\\\/schema\\\/person\\\/58272493d3641263e95171319fd5c0e6\",\"name\":\"Inform\u00e1tica\",\"image\":{\"@type\":\"ImageObject\",\"inLanguage\":\"es\",\"@id\":\"https:\\\/\\\/secure.gravatar.com\\\/avatar\\\/a3032cb3697cf00233bb43217711735d83b4bac9d02998c90d619499584ed3cf?s=96&d=mm&r=g\",\"url\":\"https:\\\/\\\/secure.gravatar.com\\\/avatar\\\/a3032cb3697cf00233bb43217711735d83b4bac9d02998c90d619499584ed3cf?s=96&d=mm&r=g\",\"contentUrl\":\"https:\\\/\\\/secure.gravatar.com\\\/avatar\\\/a3032cb3697cf00233bb43217711735d83b4bac9d02998c90d619499584ed3cf?s=96&d=mm&r=g\",\"caption\":\"Inform\u00e1tica\"},\"sameAs\":[\"https:\\\/\\\/tutrastero.com\\\/\"]}]}<\/script>\n<!-- \/ Yoast SEO plugin. -->","yoast_head_json":{"title":"3 rutas f\u00e1ciles para ir en bici en primavera - Tu Trastero","description":"Con estas 3 rutas f\u00e1ciles para ir en bici en primavera no tendr\u00e1s excusa para sacar tu bici de Tu Trastero y volver a disfrutar del paisaje.","robots":{"index":"index","follow":"follow","max-snippet":"max-snippet:-1","max-image-preview":"max-image-preview:large","max-video-preview":"max-video-preview:-1"},"canonical":"https:\/\/tutrastero.com\/es\/3-rutas-faciles-para-ir-en-bici-en-primavera\/","og_locale":"es_ES","og_type":"article","og_title":"3 rutas f\u00e1ciles para ir en bici en primavera - Tu Trastero","og_description":"Con estas 3 rutas f\u00e1ciles para ir en bici en primavera no tendr\u00e1s excusa para sacar tu bici de Tu Trastero y volver a disfrutar del paisaje.","og_url":"https:\/\/tutrastero.com\/es\/3-rutas-faciles-para-ir-en-bici-en-primavera\/","og_site_name":"Tu Trastero, Tu Otro Espacio - Alquiler de Trasteros","article_publisher":"http:\/\/www.facebook.com\/tutrastero","article_published_time":"2023-03-22T10:01:57+00:00","article_modified_time":"2026-04-23T08:35:00+00:00","og_image":[{"width":800,"height":619,"url":"https:\/\/tutrastero.com\/wp-content\/uploads\/2023\/03\/3-rutas-faciles-para-ir-en-bici-en-primavera-tu-trastero.jpg","type":"image\/jpeg"}],"author":"Inform\u00e1tica","twitter_card":"summary_large_image","twitter_creator":"@tutrastero_","twitter_site":"@tutrastero_","twitter_misc":{"Escrito por":"Inform\u00e1tica","Tiempo de lectura":"2 minutos"},"schema":{"@context":"https:\/\/schema.org","@graph":[{"@type":"Article","@id":"https:\/\/tutrastero.com\/es\/3-rutas-faciles-para-ir-en-bici-en-primavera\/#article","isPartOf":{"@id":"https:\/\/tutrastero.com\/es\/3-rutas-faciles-para-ir-en-bici-en-primavera\/"},"author":{"name":"Inform\u00e1tica","@id":"https:\/\/tutrastero.com\/es\/#\/schema\/person\/58272493d3641263e95171319fd5c0e6"},"headline":"3 rutas f\u00e1ciles para ir en bici en primavera","datePublished":"2023-03-22T10:01:57+00:00","dateModified":"2026-04-23T08:35:00+00:00","mainEntityOfPage":{"@id":"https:\/\/tutrastero.com\/es\/3-rutas-faciles-para-ir-en-bici-en-primavera\/"},"wordCount":457,"publisher":{"@id":"https:\/\/tutrastero.com\/es\/#organization"},"image":{"@id":"https:\/\/tutrastero.com\/es\/3-rutas-faciles-para-ir-en-bici-en-primavera\/#primaryimage"},"thumbnailUrl":"https:\/\/tutrastero.com\/wp-content\/uploads\/2023\/03\/3-rutas-faciles-para-ir-en-bici-en-primavera-tu-trastero.jpg","articleSection":["Trasteros - Tips"],"inLanguage":"es"},{"@type":"WebPage","@id":"https:\/\/tutrastero.com\/es\/3-rutas-faciles-para-ir-en-bici-en-primavera\/","url":"https:\/\/tutrastero.com\/es\/3-rutas-faciles-para-ir-en-bici-en-primavera\/","name":"3 rutas f\u00e1ciles para ir en bici en primavera - Tu Trastero","isPartOf":{"@id":"https:\/\/tutrastero.com\/es\/#website"},"primaryImageOfPage":{"@id":"https:\/\/tutrastero.com\/es\/3-rutas-faciles-para-ir-en-bici-en-primavera\/#primaryimage"},"image":{"@id":"https:\/\/tutrastero.com\/es\/3-rutas-faciles-para-ir-en-bici-en-primavera\/#primaryimage"},"thumbnailUrl":"https:\/\/tutrastero.com\/wp-content\/uploads\/2023\/03\/3-rutas-faciles-para-ir-en-bici-en-primavera-tu-trastero.jpg","datePublished":"2023-03-22T10:01:57+00:00","dateModified":"2026-04-23T08:35:00+00:00","description":"Con estas 3 rutas f\u00e1ciles para ir en bici en primavera no tendr\u00e1s excusa para sacar tu bici de Tu Trastero y volver a disfrutar del paisaje.","breadcrumb":{"@id":"https:\/\/tutrastero.com\/es\/3-rutas-faciles-para-ir-en-bici-en-primavera\/#breadcrumb"},"inLanguage":"es","potentialAction":[{"@type":"ReadAction","target":["https:\/\/tutrastero.com\/es\/3-rutas-faciles-para-ir-en-bici-en-primavera\/"]}]},{"@type":"ImageObject","inLanguage":"es","@id":"https:\/\/tutrastero.com\/es\/3-rutas-faciles-para-ir-en-bici-en-primavera\/#primaryimage","url":"https:\/\/tutrastero.com\/wp-content\/uploads\/2023\/03\/3-rutas-faciles-para-ir-en-bici-en-primavera-tu-trastero.jpg","contentUrl":"https:\/\/tutrastero.com\/wp-content\/uploads\/2023\/03\/3-rutas-faciles-para-ir-en-bici-en-primavera-tu-trastero.jpg","width":800,"height":619,"caption":"3 rutas f\u00e1ciles para ir en bici en primavera Tu Trastero"},{"@type":"BreadcrumbList","@id":"https:\/\/tutrastero.com\/es\/3-rutas-faciles-para-ir-en-bici-en-primavera\/#breadcrumb","itemListElement":[{"@type":"ListItem","position":1,"name":"Portada","item":"https:\/\/tutrastero.com\/es\/"},{"@type":"ListItem","position":2,"name":"3 rutas f\u00e1ciles para ir en bici en primavera"}]},{"@type":"WebSite","@id":"https:\/\/tutrastero.com\/es\/#website","url":"https:\/\/tutrastero.com\/es\/","name":"Tu Trastero, Tu Otro Espacio - Alquiler de Trasteros","description":"Alquiler de trasteros en Madrid, Sevilla y Valladolid","publisher":{"@id":"https:\/\/tutrastero.com\/es\/#organization"},"potentialAction":[{"@type":"SearchAction","target":{"@type":"EntryPoint","urlTemplate":"https:\/\/tutrastero.com\/es\/?s={search_term_string}"},"query-input":{"@type":"PropertyValueSpecification","valueRequired":true,"valueName":"search_term_string"}}],"inLanguage":"es"},{"@type":"Organization","@id":"https:\/\/tutrastero.com\/es\/#organization","name":"Tu Trastero, Tu Otro Espacio - Alquiler de Trasteros","url":"https:\/\/tutrastero.com\/es\/","logo":{"@type":"ImageObject","inLanguage":"es","@id":"https:\/\/tutrastero.com\/es\/#\/schema\/logo\/image\/","url":"https:\/\/tutrastero.com\/wp-content\/uploads\/2025\/01\/tu-trastero-alquiler-de-trasteros-logo.svg","contentUrl":"https:\/\/tutrastero.com\/wp-content\/uploads\/2025\/01\/tu-trastero-alquiler-de-trasteros-logo.svg","width":227,"height":35,"caption":"Tu Trastero, Tu Otro Espacio - Alquiler de Trasteros"},"image":{"@id":"https:\/\/tutrastero.com\/es\/#\/schema\/logo\/image\/"},"sameAs":["http:\/\/www.facebook.com\/tutrastero","https:\/\/x.com\/tutrastero_","http:\/\/instagram.com\/tutrastero_","https:\/\/www.pinterest.com\/tutrastero\/","https:\/\/www.youtube.com\/user\/RALBDR\/featured"]},{"@type":"Person","@id":"https:\/\/tutrastero.com\/es\/#\/schema\/person\/58272493d3641263e95171319fd5c0e6","name":"Inform\u00e1tica","image":{"@type":"ImageObject","inLanguage":"es","@id":"https:\/\/secure.gravatar.com\/avatar\/a3032cb3697cf00233bb43217711735d83b4bac9d02998c90d619499584ed3cf?s=96&d=mm&r=g","url":"https:\/\/secure.gravatar.com\/avatar\/a3032cb3697cf00233bb43217711735d83b4bac9d02998c90d619499584ed3cf?s=96&d=mm&r=g","contentUrl":"https:\/\/secure.gravatar.com\/avatar\/a3032cb3697cf00233bb43217711735d83b4bac9d02998c90d619499584ed3cf?s=96&d=mm&r=g","caption":"Inform\u00e1tica"},"sameAs":["https:\/\/tutrastero.com\/"]}]}},"taxonomy_info":{"category":[{"value":1,"label":"Trasteros - Tips"}]},"featured_image_src_large":["https:\/\/tutrastero.com\/wp-content\/uploads\/2023\/03\/3-rutas-faciles-para-ir-en-bici-en-primavera-tu-trastero.jpg",800,619,false],"author_info":{"display_name":"Inform\u00e1tica","author_link":"https:\/\/tutrastero.com\/es\/author\/informaticatutrastero-com\/"},"comment_info":0,"category_info":[{"term_id":1,"name":"Trasteros - Tips","slug":"trasteros-tips","term_group":0,"term_taxonomy_id":1,"taxonomy":"category","description":"","parent":0,"count":16,"filter":"raw","cat_ID":1,"category_count":16,"category_description":"","cat_name":"Trasteros - Tips","category_nicename":"trasteros-tips","category_parent":0}],"tag_info":false,"_links":{"self":[{"href":"https:\/\/tutrastero.com\/es\/wp-json\/wp\/v2\/posts\/339680","targetHints":{"allow":["GET"]}}],"collection":[{"href":"https:\/\/tutrastero.com\/es\/wp-json\/wp\/v2\/posts"}],"about":[{"href":"https:\/\/tutrastero.com\/es\/wp-json\/wp\/v2\/types\/post"}],"author":[{"embeddable":true,"href":"https:\/\/tutrastero.com\/es\/wp-json\/wp\/v2\/users\/9"}],"replies":[{"embeddable":true,"href":"https:\/\/tutrastero.com\/es\/wp-json\/wp\/v2\/comments?post=339680"}],"version-history":[{"count":0,"href":"https:\/\/tutrastero.com\/es\/wp-json\/wp\/v2\/posts\/339680\/revisions"}],"wp:featuredmedia":[{"embeddable":true,"href":"https:\/\/tutrastero.com\/es\/wp-json\/wp\/v2\/media\/339681"}],"wp:attachment":[{"href":"https:\/\/tutrastero.com\/es\/wp-json\/wp\/v2\/media?parent=339680"}],"wp:term":[{"taxonomy":"category","embeddable":true,"href":"https:\/\/tutrastero.com\/es\/wp-json\/wp\/v2\/categories?post=339680"},{"taxonomy":"post_tag","embeddable":true,"href":"https:\/\/tutrastero.com\/es\/wp-json\/wp\/v2\/tags?post=339680"}],"curies":[{"name":"wp","href":"https:\/\/api.w.org\/{rel}","templated":true}]}}